{"id":1859,"date":"2019-02-20T17:37:57","date_gmt":"2019-02-21T00:37:57","guid":{"rendered":"https:\/\/www.imer.mx\/orbita\/?p=1859"},"modified":"2019-02-20T17:39:01","modified_gmt":"2019-02-21T00:39:01","slug":"bono-nominado-al-premio-nobel-de-la-paz","status":"publish","type":"post","link":"https:\/\/www.imer.mx\/orbita\/bono-nominado-al-premio-nobel-de-la-paz\/","title":{"rendered":"Bono nominado al premio Nobel de la paz"},"content":{"rendered":"\n<p>En\n febrero del 2005 y 2006 el l\u00edder de la banda U2 fue nominado \nconsecutivamente al premio nobel de la paz por su luchar contra las \ncausas injustas ofreciendo su imagen como reclamo para lograr el \nimpacto.<\/p>\n\n\n\n<p>La\n condonaci\u00f3n de la deuda externa de los pa\u00edses pobres o el apoyo para \nbuscar respuestas m\u00e9dicas contra el sida en los entornos m\u00e1s necesitados\n han sido alguno de los campos de batalla humanitaria en lo que se ha \ninvolucrado de forma m\u00e1s directa y personal.<\/p>\n","protected":false},"excerpt":{"rendered":"<p>En febrero del 2005 y 2006 el l\u00edder de la banda U2 fue nominado consecutivamente al premio nobel de la paz por su luchar contra las causas injustas ofreciendo su imagen como reclamo para lograr el impacto. La condonaci\u00f3n de la deuda externa de los pa\u00edses pobres o el apoyo para buscar respuestas m\u00e9dicas contra&hellip;<\/p>\n","protected":false},"author":120,"featured_media":1860,"comment_status":"open","ping_status":"open","sticky":false,"template":"","format":"standard","meta":{"wp_popup_display_lightbox":0,"wp_popup_suppress":"","wp_popup_trigger":"","wp_popup_trigger_amount":0,"wp_popup_disable_on_mobile":false,"footnotes":""},"categories":[2,4],"tags":[],"class_list":["post-1859","post","type-post","status-publish","format-standard","has-post-thumbnail","hentry","category-destacados","category-orbita","category-2","category-4","description-off"],"_links":{"self":[{"href":"https:\/\/www.imer.mx\/orbita\/wp-json\/wp\/v2\/posts\/1859","targetHints":{"allow":["GET"]}}],"collection":[{"href":"https:\/\/www.imer.mx\/orbita\/wp-json\/wp\/v2\/posts"}],"about":[{"href":"https:\/\/www.imer.mx\/orbita\/wp-json\/wp\/v2\/types\/post"}],"author":[{"embeddable":true,"href":"https:\/\/www.imer.mx\/orbita\/wp-json\/wp\/v2\/users\/120"}],"replies":[{"embeddable":true,"href":"https:\/\/www.imer.mx\/orbita\/wp-json\/wp\/v2\/comments?post=1859"}],"version-history":[{"count":0,"href":"https:\/\/www.imer.mx\/orbita\/wp-json\/wp\/v2\/posts\/1859\/revisions"}],"wp:featuredmedia":[{"embeddable":true,"href":"https:\/\/www.imer.mx\/orbita\/wp-json\/wp\/v2\/media\/1860"}],"wp:attachment":[{"href":"https:\/\/www.imer.mx\/orbita\/wp-json\/wp\/v2\/media?parent=1859"}],"wp:term":[{"taxonomy":"category","embeddable":true,"href":"https:\/\/www.imer.mx\/orbita\/wp-json\/wp\/v2\/categories?post=1859"},{"taxonomy":"post_tag","embeddable":true,"href":"https:\/\/www.imer.mx\/orbita\/wp-json\/wp\/v2\/tags?post=1859"}],"curies":[{"name":"wp","href":"https:\/\/api.w.org\/{rel}","templated":true}]}}