{"id":1245,"date":"2014-12-02T12:00:13","date_gmt":"2014-12-02T18:00:13","guid":{"rendered":"http:\/\/www.imer.mx\/orbita\/?p=1245"},"modified":"2016-03-03T11:35:36","modified_gmt":"2016-03-03T18:35:36","slug":"cronologia-del-rockpaul-mccartney-hace-publica-su-intencion-de-volver-a-tocar-en-the-cavern","status":"publish","type":"post","link":"https:\/\/www.imer.mx\/orbita\/cronologia-del-rockpaul-mccartney-hace-publica-su-intencion-de-volver-a-tocar-en-the-cavern\/","title":{"rendered":"Cronolog\u00eda del rock: Paul McCartney hace p\u00fablica su intenci\u00f3n de volver a tocar en The Cavern"},"content":{"rendered":"<p><img loading=\"lazy\" decoding=\"async\" class=\"aligncenter size-full wp-image-1242\" src=\"https:\/\/www.imer.mx\/orbita\/wp-content\/uploads\/sites\/24\/crnRock_dic02_pualMcCartney.jpg\" alt=\"Cronolog\u00eda del rock: Paul McCartney hace p\u00fablica su intenci\u00f3n de volver a tocar en The Cavern\" width=\"560\" height=\"292\" srcset=\"https:\/\/www.imer.mx\/orbita\/wp-content\/uploads\/sites\/24\/crnRock_dic02_pualMcCartney.jpg 560w, https:\/\/www.imer.mx\/orbita\/wp-content\/uploads\/sites\/24\/crnRock_dic02_pualMcCartney-300x156.jpg 300w\" sizes=\"auto, (max-width: 560px) 100vw, 560px\" \/><\/p>\n<p>&nbsp;<\/p>\n<div class=\"wp-playlist wp-audio-playlist wp-playlist-light\">\n\t\t\t<div class=\"wp-playlist-current-item\"><\/div>\n\t\t<audio controls=\"controls\" preload=\"none\" width=\"1178\"\n\t\t\t><\/audio>\n\t<div class=\"wp-playlist-next\"><\/div>\n\t<div class=\"wp-playlist-prev\"><\/div>\n\t<noscript>\n\t<ol>\n\t\t<li><a href='https:\/\/www.imer.mx\/orbita\/wp-content\/uploads\/sites\/24\/02_cronologiaRock_diciembre.mp3'>Cronolog\u00eda del rock: Paul McCartney hace p\u00fablica su intenci\u00f3n de volver a tocar en The Cavern<\/a><\/li>\t<\/ol>\n\t<\/noscript>\n\t<script type=\"application\/json\" class=\"wp-playlist-script\">{\"type\":\"audio\",\"tracklist\":false,\"tracknumbers\":true,\"images\":false,\"artists\":false,\"tracks\":[{\"src\":\"https:\/\/www.imer.mx\/orbita\/wp-content\/uploads\/sites\/24\/02_cronologiaRock_diciembre.mp3\",\"type\":\"audio\/mpeg\",\"title\":\"Cronolog\\u00eda del rock: Paul McCartney hace p\\u00fablica su intenci\\u00f3n de volver a tocar en The Cavern\",\"caption\":\"\",\"description\":\"Cronolog\\u00eda del rock: Paul McCartney hace p\\u00fablica su intenci\\u00f3n de volver a tocar en The Cavern.\",\"meta\":{\"genre\":\"Blues\",\"length_formatted\":\"0:30\"},\"image\":{\"src\":\"https:\/\/www.imer.mx\/orbita\/wp-includes\/images\/media\/audio.svg\",\"width\":48,\"height\":64},\"thumb\":{\"src\":\"https:\/\/www.imer.mx\/orbita\/wp-includes\/images\/media\/audio.svg\",\"width\":48,\"height\":64}}]}<\/script>\n<\/div>\n\t\n","protected":false},"excerpt":{"rendered":"<p>Paul McCartney hace publica su intenci\u00f3n de volver a subirse al escenario de The Cavern. <a href=\"https:\/\/www.imer.mx\/orbita\/cronologia-del-rockpaul-mccartney-hace-publica-su-intencion-de-volver-a-tocar-en-the-cavern\/\">Escucha el audio<\/a><\/p>\n","protected":false},"author":1,"featured_media":1242,"comment_status":"closed","ping_status":"closed","sticky":false,"template":"","format":"standard","meta":{"wp_popup_display_lightbox":0,"wp_popup_suppress":"","wp_popup_trigger":"","wp_popup_trigger_amount":0,"wp_popup_disable_on_mobile":false,"footnotes":""},"categories":[41,2],"tags":[],"class_list":["post-1245","post","type-post","status-publish","format-standard","has-post-thumbnail","hentry","category-cronologia-del-rock","category-destacados","category-41","category-2","description-off"],"_links":{"self":[{"href":"https:\/\/www.imer.mx\/orbita\/wp-json\/wp\/v2\/posts\/1245","targetHints":{"allow":["GET"]}}],"collection":[{"href":"https:\/\/www.imer.mx\/orbita\/wp-json\/wp\/v2\/posts"}],"about":[{"href":"https:\/\/www.imer.mx\/orbita\/wp-json\/wp\/v2\/types\/post"}],"author":[{"embeddable":true,"href":"https:\/\/www.imer.mx\/orbita\/wp-json\/wp\/v2\/users\/1"}],"replies":[{"embeddable":true,"href":"https:\/\/www.imer.mx\/orbita\/wp-json\/wp\/v2\/comments?post=1245"}],"version-history":[{"count":0,"href":"https:\/\/www.imer.mx\/orbita\/wp-json\/wp\/v2\/posts\/1245\/revisions"}],"wp:featuredmedia":[{"embeddable":true,"href":"https:\/\/www.imer.mx\/orbita\/wp-json\/wp\/v2\/media\/1242"}],"wp:attachment":[{"href":"https:\/\/www.imer.mx\/orbita\/wp-json\/wp\/v2\/media?parent=1245"}],"wp:term":[{"taxonomy":"category","embeddable":true,"href":"https:\/\/www.imer.mx\/orbita\/wp-json\/wp\/v2\/categories?post=1245"},{"taxonomy":"post_tag","embeddable":true,"href":"https:\/\/www.imer.mx\/orbita\/wp-json\/wp\/v2\/tags?post=1245"}],"curies":[{"name":"wp","href":"https:\/\/api.w.org\/{rel}","templated":true}]}}