{"id":1186,"date":"2014-11-24T12:06:04","date_gmt":"2014-11-24T18:06:04","guid":{"rendered":"http:\/\/www.imer.mx\/orbita\/?p=1186"},"modified":"2016-03-03T11:40:48","modified_gmt":"2016-03-03T18:40:48","slug":"este-sabado-en-radiografia","status":"publish","type":"post","link":"https:\/\/www.imer.mx\/orbita\/este-sabado-en-radiografia\/","title":{"rendered":"Este s\u00e1bado en Radiograf\u00eda"},"content":{"rendered":"<p style=\"text-align: left\">Con integrantes de diferentes rincones del pa\u00eds (Acapulco, Monterrey y Distrito Federal), as\u00ed como del extranjero (Argentina), Ventilader es un proyecto que comienza en el 2005. Despu\u00e9s de casi 10 a\u00f1os Ventilader ha logrado consolidar una personalidad y sello propios, un sonido que los distingue de cualquier otra banda y l\u00edricas que no s\u00f3lo giran en torno al amor, sino tambi\u00e9n en ocasiones alrededor de temas sociales. Sus integrantes quieren \u201cventilar\u201d lo que los mueve, sacar de adentro lo que les preocupa y motiva.<\/p>\n\n\t\t\t<style type='text\/css'>\n\t\t\t\t#gallery-1 {\n\t\t\t\t\tmargin: auto;\n\t\t\t\t}\n\t\t\t\t#gallery-1 .gallery-item {\n\t\t\t\t\tfloat: left;\n\t\t\t\t\tmargin-top: 10px;\n\t\t\t\t\ttext-align: center;\n\t\t\t\t\twidth: 50%;\n\t\t\t\t}\n\t\t\t\t#gallery-1 img {\n\t\t\t\t\tborder: 2px solid #cfcfcf;\n\t\t\t\t}\n\t\t\t\t#gallery-1 .gallery-caption {\n\t\t\t\t\tmargin-left: 0;\n\t\t\t\t}\n\t\t\t\t\/* see gallery_shortcode() in wp-includes\/media.php *\/\n\t\t\t<\/style>\n\t\t<div id='gallery-1' class='dt-gallery-container gallery galleryid-1186 gallery-columns-2 gallery-size-thumbnail'><dl class='gallery-item'>\n\t\t\t\t<dt class='gallery-icon portrait'>\n\t\t\t\t\t<a class=\"rollover rollover-zoom dt-pswp-item\" title=\"10805624_398534953636271_4472824562945264563_n\" data-dt-img-description=\"\" data-large_image_width=\"255\" data-large_image_height=\"395\"href='https:\/\/www.imer.mx\/orbita\/wp-content\/uploads\/sites\/24\/10805624_398534953636271_4472824562945264563_n.jpg'><img loading=\"lazy\" decoding=\"async\" width=\"150\" height=\"150\" src=\"https:\/\/www.imer.mx\/orbita\/wp-content\/uploads\/sites\/24\/10805624_398534953636271_4472824562945264563_n-150x150.jpg\" class=\"attachment-thumbnail size-thumbnail\" alt=\"\" \/><\/a>\n\t\t\t\t<\/dt><\/dl><dl class='gallery-item'>\n\t\t\t\t<dt class='gallery-icon landscape'>\n\t\t\t\t\t<a class=\"rollover rollover-zoom dt-pswp-item\" title=\"ventilader2011_0\" data-dt-img-description=\"\" data-large_image_width=\"611\" data-large_image_height=\"352\"href='https:\/\/www.imer.mx\/orbita\/wp-content\/uploads\/sites\/24\/ventilader2011_0.jpg'><img loading=\"lazy\" decoding=\"async\" width=\"150\" height=\"150\" src=\"https:\/\/www.imer.mx\/orbita\/wp-content\/uploads\/sites\/24\/ventilader2011_0-150x150.jpg\" class=\"attachment-thumbnail size-thumbnail\" alt=\"\" \/><\/a>\n\t\t\t\t<\/dt><\/dl><br style=\"clear: both\" \/>\n\t\t\t<\/div>\n\n<p>&nbsp;<\/p>\n","protected":false},"excerpt":{"rendered":"<p>Con integrantes de diferentes rincones del pa\u00eds (Acapulco, Monterrey y Distrito Federal), as\u00ed como del extranjero (Argentina), Ventilader es un proyecto que comienza en el 2005. <a href=\"https:\/\/www.imer.mx\/orbita\/este-sabado-en-radiografia\/\">Leer m\u00e1s<\/a><\/p>\n","protected":false},"author":41,"featured_media":1187,"comment_status":"closed","ping_status":"closed","sticky":false,"template":"","format":"video","meta":{"wp_popup_display_lightbox":0,"wp_popup_suppress":"","wp_popup_trigger":"","wp_popup_trigger_amount":0,"wp_popup_disable_on_mobile":false,"footnotes":""},"categories":[2,4],"tags":[],"class_list":["post-1186","post","type-post","status-publish","format-video","has-post-thumbnail","hentry","category-destacados","category-orbita","post_format-post-format-video","category-2","category-4","description-off"],"_links":{"self":[{"href":"https:\/\/www.imer.mx\/orbita\/wp-json\/wp\/v2\/posts\/1186","targetHints":{"allow":["GET"]}}],"collection":[{"href":"https:\/\/www.imer.mx\/orbita\/wp-json\/wp\/v2\/posts"}],"about":[{"href":"https:\/\/www.imer.mx\/orbita\/wp-json\/wp\/v2\/types\/post"}],"author":[{"embeddable":true,"href":"https:\/\/www.imer.mx\/orbita\/wp-json\/wp\/v2\/users\/41"}],"replies":[{"embeddable":true,"href":"https:\/\/www.imer.mx\/orbita\/wp-json\/wp\/v2\/comments?post=1186"}],"version-history":[{"count":0,"href":"https:\/\/www.imer.mx\/orbita\/wp-json\/wp\/v2\/posts\/1186\/revisions"}],"wp:featuredmedia":[{"embeddable":true,"href":"https:\/\/www.imer.mx\/orbita\/wp-json\/wp\/v2\/media\/1187"}],"wp:attachment":[{"href":"https:\/\/www.imer.mx\/orbita\/wp-json\/wp\/v2\/media?parent=1186"}],"wp:term":[{"taxonomy":"category","embeddable":true,"href":"https:\/\/www.imer.mx\/orbita\/wp-json\/wp\/v2\/categories?post=1186"},{"taxonomy":"post_tag","embeddable":true,"href":"https:\/\/www.imer.mx\/orbita\/wp-json\/wp\/v2\/tags?post=1186"}],"curies":[{"name":"wp","href":"https:\/\/api.w.org\/{rel}","templated":true}]}}