{"id":1165,"date":"2014-11-07T11:14:28","date_gmt":"2014-11-07T17:14:28","guid":{"rendered":"http:\/\/www.imer.mx\/orbita\/?p=1165"},"modified":"2016-03-03T12:08:33","modified_gmt":"2016-03-03T19:08:33","slug":"hace-un-ano-se-planeaba-un-concierto-convocando-a-las-bandas-de-esta-ciudad","status":"publish","type":"post","link":"https:\/\/www.imer.mx\/orbita\/hace-un-ano-se-planeaba-un-concierto-convocando-a-las-bandas-de-esta-ciudad\/","title":{"rendered":"Hace un a\u00f1o se planeaba un concierto convocando a las bandas de esta ciudad."},"content":{"rendered":"<p>Muchos se sumaron al proyecto ,algunos otros no creyeron y fue valido . Quien va a creer en un concierto con puro talento local , casi nadie el pretexto celebrar los 17 a\u00f1os de orbita 106.7 f.m. , varios integrantes y seguidores del Programa orbitando , conocidos como los caballeros de la mesa redonda se sumaron e invirtieron su tiempo y esfuerzo en acondicionar el terreno. Faltaba el sonido y produc<span class=\"text_exposed_show\">ci\u00f3n llego Manuel Castillo y Nereida Vega , el Instituto Chihuahuense de la cultura , protecci\u00f3n civil, parques y jardines. Faltaba invitar a los grupos como elegirlos ese si fue un gran problema se les invito a muchos, algunos ignoraron la invitaci\u00f3n. Pero Gruis Spectra, Gino Silver, Diana Batista, Los dependientes del beat, Ancla, DNA, y Roce mexicano adem\u00e1s de los XHUAR,S dijeron si y quedo la transmisi\u00f3n para la historia de esta ciudad ya que se transmiti\u00f3 por internet , por la frecuencia de F.M. v\u00eda sat\u00e9lite y en Alta Definici\u00f3n. Gracias a todos los que participaron , a las autoridades del IMER, a mis amigos, mis compa\u00f1eros. A Lourdes Campos por el apoyo incondicional, a todos los que apoyaron con su granito de arena para que el evento se llevara a cabo. estos fueron algunos de los que recuerdo si omito alguno mil disculpas.<\/span><\/p>\n<p><span class=\"text_exposed_show\"><br \/>\n<strong>ANCLA<\/strong><\/span><\/p>\n\n\t\t\t<style type='text\/css'>\n\t\t\t\t#gallery-1 {\n\t\t\t\t\tmargin: auto;\n\t\t\t\t}\n\t\t\t\t#gallery-1 .gallery-item {\n\t\t\t\t\tfloat: left;\n\t\t\t\t\tmargin-top: 10px;\n\t\t\t\t\ttext-align: center;\n\t\t\t\t\twidth: 25%;\n\t\t\t\t}\n\t\t\t\t#gallery-1 img {\n\t\t\t\t\tborder: 2px solid #cfcfcf;\n\t\t\t\t}\n\t\t\t\t#gallery-1 .gallery-caption {\n\t\t\t\t\tmargin-left: 0;\n\t\t\t\t}\n\t\t\t\t\/* see gallery_shortcode() in wp-includes\/media.php *\/\n\t\t\t<\/style>\n\t\t<div id='gallery-1' class='dt-gallery-container gallery galleryid-1165 gallery-columns-4 gallery-size-thumbnail'><dl class='gallery-item'>\n\t\t\t\t<dt class='gallery-icon portrait'>\n\t\t\t\t\t<a class=\"rollover rollover-zoom dt-pswp-item\" title=\"1\" data-dt-img-description=\"\" data-large_image_width=\"592\" data-large_image_height=\"594\"href='https:\/\/www.imer.mx\/orbita\/wp-content\/uploads\/sites\/24\/12.jpg'><img loading=\"lazy\" decoding=\"async\" width=\"150\" height=\"150\" src=\"https:\/\/www.imer.mx\/orbita\/wp-content\/uploads\/sites\/24\/12-150x150.jpg\" class=\"attachment-thumbnail size-thumbnail\" alt=\"\" srcset=\"https:\/\/www.imer.mx\/orbita\/wp-content\/uploads\/sites\/24\/12-150x150.jpg 150w, https:\/\/www.imer.mx\/orbita\/wp-content\/uploads\/sites\/24\/12-298x300.jpg 298w, https:\/\/www.imer.mx\/orbita\/wp-content\/uploads\/sites\/24\/12.jpg 592w\" sizes=\"auto, (max-width: 150px) 100vw, 150px\" \/><\/a>\n\t\t\t\t<\/dt><\/dl><dl class='gallery-item'>\n\t\t\t\t<dt class='gallery-icon landscape'>\n\t\t\t\t\t<a class=\"rollover rollover-zoom dt-pswp-item\" title=\"2\" data-dt-img-description=\"\" data-large_image_width=\"640\" data-large_image_height=\"480\"href='https:\/\/www.imer.mx\/orbita\/wp-content\/uploads\/sites\/24\/22.jpg'><img loading=\"lazy\" decoding=\"async\" width=\"150\" height=\"150\" src=\"https:\/\/www.imer.mx\/orbita\/wp-content\/uploads\/sites\/24\/22-150x150.jpg\" class=\"attachment-thumbnail size-thumbnail\" alt=\"\" \/><\/a>\n\t\t\t\t<\/dt><\/dl><dl class='gallery-item'>\n\t\t\t\t<dt class='gallery-icon landscape'>\n\t\t\t\t\t<a class=\"rollover rollover-zoom dt-pswp-item\" title=\"3\" data-dt-img-description=\"\" data-large_image_width=\"960\" data-large_image_height=\"720\"href='https:\/\/www.imer.mx\/orbita\/wp-content\/uploads\/sites\/24\/32.jpg'><img loading=\"lazy\" decoding=\"async\" width=\"150\" height=\"150\" src=\"https:\/\/www.imer.mx\/orbita\/wp-content\/uploads\/sites\/24\/32-150x150.jpg\" class=\"attachment-thumbnail size-thumbnail\" alt=\"\" \/><\/a>\n\t\t\t\t<\/dt><\/dl><dl class='gallery-item'>\n\t\t\t\t<dt class='gallery-icon landscape'>\n\t\t\t\t\t<a class=\"rollover rollover-zoom dt-pswp-item\" title=\"4\" data-dt-img-description=\"\" data-large_image_width=\"960\" data-large_image_height=\"720\"href='https:\/\/www.imer.mx\/orbita\/wp-content\/uploads\/sites\/24\/41.jpg'><img loading=\"lazy\" decoding=\"async\" width=\"150\" height=\"150\" src=\"https:\/\/www.imer.mx\/orbita\/wp-content\/uploads\/sites\/24\/41-150x150.jpg\" class=\"attachment-thumbnail size-thumbnail\" alt=\"\" \/><\/a>\n\t\t\t\t<\/dt><\/dl><br style=\"clear: both\" \/>\n\t\t\t<\/div>\n\n<p><span class=\"text_exposed_show\"><br \/>\nRey S\u00e1nchez Voz Criss Barrag\u00e1n Voz Hugo Huesca Bajo Vane Guitarra Samuel (el Muerto) Ba\u00f1uelos Teclado Adri\u00e1n Leyva Bater\u00eda Gerardo Staff Jes\u00fas Murgado.<\/span><\/p>\n<p>&nbsp;<\/p>\n<div class=\"text_exposed_show\">\n<p><strong>DNA<\/strong><\/p>\n<p>Los musicos del grupo:<br \/>\nH\u00e9ctor Grajeda Juan Rodr\u00edguez Marco Torrero Carlos Cervantes<br \/>\nDe staff no se cuanto pueda ser el limite, pero tenemos un bato que nos hace sonido y un roady:<br \/>\nHoracio del \u00c1ngel Alexis Vi\u00f1a<\/p>\n<p>Victoria Naranjos Ana Garcia<br \/>\nAlejandro Brise\u00f1o Alfredo Pe\u00f1aloza.<\/p>\n<p><strong>ROCE MEXICANO<\/strong><\/p>\n<p>Es Josy Salazar guitarra Jorge Carmona voz diego Rodr\u00edguez bater\u00eda Joel amparan bajo<br \/>\nStaff Antonio Tovar ocea yo Daniel ley y N\u00e9stor Salazar.<\/p>\n\n\t\t\t<style type='text\/css'>\n\t\t\t\t#gallery-2 {\n\t\t\t\t\tmargin: auto;\n\t\t\t\t}\n\t\t\t\t#gallery-2 .gallery-item {\n\t\t\t\t\tfloat: left;\n\t\t\t\t\tmargin-top: 10px;\n\t\t\t\t\ttext-align: center;\n\t\t\t\t\twidth: 25%;\n\t\t\t\t}\n\t\t\t\t#gallery-2 img {\n\t\t\t\t\tborder: 2px solid #cfcfcf;\n\t\t\t\t}\n\t\t\t\t#gallery-2 .gallery-caption {\n\t\t\t\t\tmargin-left: 0;\n\t\t\t\t}\n\t\t\t\t\/* see gallery_shortcode() in wp-includes\/media.php *\/\n\t\t\t<\/style>\n\t\t<div id='gallery-2' class='dt-gallery-container gallery galleryid-1165 gallery-columns-4 gallery-size-thumbnail'><dl class='gallery-item'>\n\t\t\t\t<dt class='gallery-icon landscape'>\n\t\t\t\t\t<a class=\"rollover rollover-zoom dt-pswp-item\" title=\"5\" data-dt-img-description=\"\" data-large_image_width=\"960\" data-large_image_height=\"720\"href='https:\/\/www.imer.mx\/orbita\/wp-content\/uploads\/sites\/24\/5.jpg'><img loading=\"lazy\" decoding=\"async\" width=\"150\" height=\"150\" src=\"https:\/\/www.imer.mx\/orbita\/wp-content\/uploads\/sites\/24\/5-150x150.jpg\" class=\"attachment-thumbnail size-thumbnail\" alt=\"\" \/><\/a>\n\t\t\t\t<\/dt><\/dl><dl class='gallery-item'>\n\t\t\t\t<dt class='gallery-icon landscape'>\n\t\t\t\t\t<a class=\"rollover rollover-zoom dt-pswp-item\" title=\"6\" data-dt-img-description=\"\" data-large_image_width=\"960\" data-large_image_height=\"720\"href='https:\/\/www.imer.mx\/orbita\/wp-content\/uploads\/sites\/24\/6.jpg'><img loading=\"lazy\" decoding=\"async\" width=\"150\" height=\"150\" src=\"https:\/\/www.imer.mx\/orbita\/wp-content\/uploads\/sites\/24\/6-150x150.jpg\" class=\"attachment-thumbnail size-thumbnail\" alt=\"\" \/><\/a>\n\t\t\t\t<\/dt><\/dl><dl class='gallery-item'>\n\t\t\t\t<dt class='gallery-icon landscape'>\n\t\t\t\t\t<a class=\"rollover rollover-zoom dt-pswp-item\" title=\"7\" data-dt-img-description=\"\" data-large_image_width=\"960\" data-large_image_height=\"720\"href='https:\/\/www.imer.mx\/orbita\/wp-content\/uploads\/sites\/24\/7.jpg'><img loading=\"lazy\" decoding=\"async\" width=\"150\" height=\"150\" src=\"https:\/\/www.imer.mx\/orbita\/wp-content\/uploads\/sites\/24\/7-150x150.jpg\" class=\"attachment-thumbnail size-thumbnail\" alt=\"\" \/><\/a>\n\t\t\t\t<\/dt><\/dl><dl class='gallery-item'>\n\t\t\t\t<dt class='gallery-icon landscape'>\n\t\t\t\t\t<a class=\"rollover rollover-zoom dt-pswp-item\" title=\"8\" data-dt-img-description=\"\" data-large_image_width=\"960\" data-large_image_height=\"720\"href='https:\/\/www.imer.mx\/orbita\/wp-content\/uploads\/sites\/24\/8.jpg'><img loading=\"lazy\" decoding=\"async\" width=\"150\" height=\"150\" src=\"https:\/\/www.imer.mx\/orbita\/wp-content\/uploads\/sites\/24\/8-150x150.jpg\" class=\"attachment-thumbnail size-thumbnail\" alt=\"\" \/><\/a>\n\t\t\t\t<\/dt><\/dl><br style=\"clear: both\" \/>\n\t\t\t<\/div>\n\n<p>&nbsp;<\/p>\n<p><strong>GRUIS SPECTRA<\/strong><br \/>\nEric Coughanour<br \/>\nH\u00e9ctor Rodr\u00edguez<br \/>\nel bajista se llama Sadot Soria<br \/>\nNuestro ingeniero de audio Richy Escobar.<br \/>\n<strong>NEREIDA VEGA<\/strong><br \/>\nProducci\u00f3n<br \/>\nBanda Gino Silver Luis Garc\u00eda Axel Brise\u00f1o V\u00edctor D\u00edaz. Ricardo Galv\u00e1n. Ashley Son Productions Staff: Yaxal Ch\u00e1vez Sixto Badillo H\u00e9ctor Renter\u00eda Manuel Castillo.<br \/>\nEs paco Dom\u00ednguez<\/p>\n<p>Banda Dependientes del Beat: ban Leonardo L\u00f3pez Eduardo Olivares Eduardo Espinosa David Batista Manuel Esquivel<\/p>\n<p>TELON DE ARENA<br \/>\nPRENSA<br \/>\nMike Wild MUSICO INVITADO DE DNA.<\/p>\n\n\t\t\t<style type='text\/css'>\n\t\t\t\t#gallery-3 {\n\t\t\t\t\tmargin: auto;\n\t\t\t\t}\n\t\t\t\t#gallery-3 .gallery-item {\n\t\t\t\t\tfloat: left;\n\t\t\t\t\tmargin-top: 10px;\n\t\t\t\t\ttext-align: center;\n\t\t\t\t\twidth: 33%;\n\t\t\t\t}\n\t\t\t\t#gallery-3 img {\n\t\t\t\t\tborder: 2px solid #cfcfcf;\n\t\t\t\t}\n\t\t\t\t#gallery-3 .gallery-caption {\n\t\t\t\t\tmargin-left: 0;\n\t\t\t\t}\n\t\t\t\t\/* see gallery_shortcode() in wp-includes\/media.php *\/\n\t\t\t<\/style>\n\t\t<div id='gallery-3' class='dt-gallery-container gallery galleryid-1165 gallery-columns-3 gallery-size-thumbnail'><dl class='gallery-item'>\n\t\t\t\t<dt class='gallery-icon landscape'>\n\t\t\t\t\t<a class=\"rollover rollover-zoom dt-pswp-item\" title=\"9\" data-dt-img-description=\"\" data-large_image_width=\"960\" data-large_image_height=\"720\"href='https:\/\/www.imer.mx\/orbita\/wp-content\/uploads\/sites\/24\/9.jpg'><img loading=\"lazy\" decoding=\"async\" width=\"150\" height=\"150\" src=\"https:\/\/www.imer.mx\/orbita\/wp-content\/uploads\/sites\/24\/9-150x150.jpg\" class=\"attachment-thumbnail size-thumbnail\" alt=\"\" \/><\/a>\n\t\t\t\t<\/dt><\/dl><dl class='gallery-item'>\n\t\t\t\t<dt class='gallery-icon landscape'>\n\t\t\t\t\t<a class=\"rollover rollover-zoom dt-pswp-item\" title=\"10\" data-dt-img-description=\"\" data-large_image_width=\"960\" data-large_image_height=\"720\"href='https:\/\/www.imer.mx\/orbita\/wp-content\/uploads\/sites\/24\/10.jpg'><img loading=\"lazy\" decoding=\"async\" width=\"150\" height=\"150\" src=\"https:\/\/www.imer.mx\/orbita\/wp-content\/uploads\/sites\/24\/10-150x150.jpg\" class=\"attachment-thumbnail size-thumbnail\" alt=\"\" \/><\/a>\n\t\t\t\t<\/dt><\/dl><dl class='gallery-item'>\n\t\t\t\t<dt class='gallery-icon landscape'>\n\t\t\t\t\t<a class=\"rollover rollover-zoom dt-pswp-item\" title=\"11\" data-dt-img-description=\"\" data-large_image_width=\"960\" data-large_image_height=\"720\"href='https:\/\/www.imer.mx\/orbita\/wp-content\/uploads\/sites\/24\/111.jpg'><img loading=\"lazy\" decoding=\"async\" width=\"150\" height=\"150\" src=\"https:\/\/www.imer.mx\/orbita\/wp-content\/uploads\/sites\/24\/111-150x150.jpg\" class=\"attachment-thumbnail size-thumbnail\" alt=\"\" \/><\/a>\n\t\t\t\t<\/dt><\/dl><br style=\"clear: both\" \/>\n\t\t\t<\/div>\n\n<p>&nbsp;<\/p>\n<\/div>\n","protected":false},"excerpt":{"rendered":"<p>Muchos se sumaron al proyecto ,algunos otros no creyeron y fue valido . Quien va a creer en un concierto con puro talento local , casi nadie el pretexto celebrar los 17 a\u00f1os de orbita 106.7 f.m. , varios integrantes y seguidores del Programa orbitando , conocidos como los caballeros de la mesa redonda se sumaron e invirtieron su tiempo y esfuerzo en acondicionar el terreno. <a href=\"https:\/\/www.imer.mx\/orbita\/hace-un-ano-se-planeaba-un-concierto-convocando-a-las-bandas-de-esta-ciudad\/\">Leer m\u00e1s<\/a><\/p>\n","protected":false},"author":41,"featured_media":1169,"comment_status":"closed","ping_status":"closed","sticky":false,"template":"","format":"standard","meta":{"wp_popup_display_lightbox":0,"wp_popup_suppress":"","wp_popup_trigger":"","wp_popup_trigger_amount":0,"wp_popup_disable_on_mobile":false,"footnotes":""},"categories":[2,4],"tags":[],"class_list":["post-1165","post","type-post","status-publish","format-standard","has-post-thumbnail","hentry","category-destacados","category-orbita","category-2","category-4","description-off"],"_links":{"self":[{"href":"https:\/\/www.imer.mx\/orbita\/wp-json\/wp\/v2\/posts\/1165","targetHints":{"allow":["GET"]}}],"collection":[{"href":"https:\/\/www.imer.mx\/orbita\/wp-json\/wp\/v2\/posts"}],"about":[{"href":"https:\/\/www.imer.mx\/orbita\/wp-json\/wp\/v2\/types\/post"}],"author":[{"embeddable":true,"href":"https:\/\/www.imer.mx\/orbita\/wp-json\/wp\/v2\/users\/41"}],"replies":[{"embeddable":true,"href":"https:\/\/www.imer.mx\/orbita\/wp-json\/wp\/v2\/comments?post=1165"}],"version-history":[{"count":0,"href":"https:\/\/www.imer.mx\/orbita\/wp-json\/wp\/v2\/posts\/1165\/revisions"}],"wp:featuredmedia":[{"embeddable":true,"href":"https:\/\/www.imer.mx\/orbita\/wp-json\/wp\/v2\/media\/1169"}],"wp:attachment":[{"href":"https:\/\/www.imer.mx\/orbita\/wp-json\/wp\/v2\/media?parent=1165"}],"wp:term":[{"taxonomy":"category","embeddable":true,"href":"https:\/\/www.imer.mx\/orbita\/wp-json\/wp\/v2\/categories?post=1165"},{"taxonomy":"post_tag","embeddable":true,"href":"https:\/\/www.imer.mx\/orbita\/wp-json\/wp\/v2\/tags?post=1165"}],"curies":[{"name":"wp","href":"https:\/\/api.w.org\/{rel}","templated":true}]}}