{"id":1037,"date":"2014-09-18T17:27:50","date_gmt":"2014-09-18T22:27:50","guid":{"rendered":"http:\/\/www.imer.mx\/orbita\/?p=1037"},"modified":"2016-03-03T13:36:39","modified_gmt":"2016-03-03T20:36:39","slug":"30-anos-de-la-maldita-vecindad","status":"publish","type":"post","link":"https:\/\/www.imer.mx\/orbita\/30-anos-de-la-maldita-vecindad\/","title":{"rendered":"30 a\u00f1os de la Maldita Vecindad."},"content":{"rendered":"<p style=\"color: #141823\"><a href=\"https:\/\/www.imer.mx\/orbita\/wp-content\/uploads\/sites\/24\/mv_post.jpg\"><img loading=\"lazy\" decoding=\"async\" class=\"aligncenter wp-image-1070 size-full\" src=\"https:\/\/www.imer.mx\/orbita\/wp-content\/uploads\/sites\/24\/mv_post.jpg\" alt=\"mv_post\" width=\"650\" height=\"366\" srcset=\"https:\/\/www.imer.mx\/orbita\/wp-content\/uploads\/sites\/24\/mv_post.jpg 650w, https:\/\/www.imer.mx\/orbita\/wp-content\/uploads\/sites\/24\/mv_post-300x168.jpg 300w\" sizes=\"auto, (max-width: 650px) 100vw, 650px\" \/><\/a><\/p>\n<p style=\"color: #141823\">El d\u00eda de ayer nuestra corresponsal en el D.F. Sandra Quir\u00f3z\u00a0cubri\u00f3 el concierto de los 30 a\u00f1os de la Maldita Vecindad.<\/p>\n<p style=\"color: #141823\">Fotograf\u00edas: Kevin de la O Ponce<\/p>\n<p>Con boletos agotados y sin importar que la fiesta fuera convocada a mitad de semana, nuevas generaciones y seguidores desde 1985, se dieron cita en el Plaza Condesa para festejar \u201c30 a\u00f1os de paz y baile\u201d con la Maldita Vecindad.<\/p>\n<p>Siendo diez minutos despu\u00e9s de las nueve y el lugar abarrotado de \u201cpachucos\u201d y \u201cRumberas\u201d,<span class=\"text_exposed_show\">\u00a0el ritual de celebraci\u00f3n comenz\u00f3 uniendo a todos \u201clos carnales de ayer y siempre\u201d, en una misma voz que sin titubear coreaban todas y cada una de las canciones de la agrupaci\u00f3n. \u201cLa maldita\u201d sigue prendiendo al p\u00fablico como en sus mejores \u00e9pocas, demostrando que el paso del tiempo no les ha impedido seguir brincando y sudando arriba del escenario, celebrando la vida por m\u00e1s dif\u00edcil que parezca.<\/span><\/p>\n<p>Desde \u201cSolin\u201d hasta \u201cDon Palabras\u201d, con energ\u00eda y carisma tocaron los temas que los han consolidado por tres d\u00e9cadas como una de las bandas preferidas en la escena del Rock Nacional. La noche fue un recorrido por su discograf\u00eda, en medio de coros, aplausos y chiflidos, canciones como \u201cPata de Perro\u201d, \u201cPachuco\u201d, \u201cLos agachados\u201d enloquecieron al p\u00fablico provocando desde el avivado slam hasta un rom\u00e1ntico danz\u00f3n con \u201cKumbala\u201d.<\/p>\n<p>Demostraron adem\u00e1s el compromiso social que los ha caracterizado a lo largo de su trayectoria, agradeciendo la presencia de sus fans dejaron el escenario prometiendo la segunda parte de este festejo en diciembre de este a\u00f1o.<\/p>\n<p><a href=\"https:\/\/www.imer.mx\/orbita\/gallery\/maldita-vecindad-30-anos\/\">Visita la galer\u00eda de Maldita Vecindad<\/a><\/p>\n\n\t\t\t<style type='text\/css'>\n\t\t\t\t#gallery-1 {\n\t\t\t\t\tmargin: auto;\n\t\t\t\t}\n\t\t\t\t#gallery-1 .gallery-item {\n\t\t\t\t\tfloat: left;\n\t\t\t\t\tmargin-top: 10px;\n\t\t\t\t\ttext-align: center;\n\t\t\t\t\twidth: 50%;\n\t\t\t\t}\n\t\t\t\t#gallery-1 img {\n\t\t\t\t\tborder: 2px solid #cfcfcf;\n\t\t\t\t}\n\t\t\t\t#gallery-1 .gallery-caption {\n\t\t\t\t\tmargin-left: 0;\n\t\t\t\t}\n\t\t\t\t\/* see gallery_shortcode() in wp-includes\/media.php *\/\n\t\t\t<\/style>\n\t\t<div id='gallery-1' class='dt-gallery-container gallery galleryid-1037 gallery-columns-2 gallery-size-thumbnail'><dl class='gallery-item'>\n\t\t\t\t<dt class='gallery-icon landscape'>\n\t\t\t\t\t<a class=\"rollover rollover-zoom dt-pswp-item\" title=\"10610752_367469730076127_7272690734631805050_n\" data-dt-img-description=\"\" data-large_image_width=\"960\" data-large_image_height=\"544\"href='https:\/\/www.imer.mx\/orbita\/wp-content\/uploads\/sites\/24\/10610752_367469730076127_7272690734631805050_n.jpg'><img loading=\"lazy\" decoding=\"async\" width=\"150\" height=\"150\" src=\"https:\/\/www.imer.mx\/orbita\/wp-content\/uploads\/sites\/24\/10610752_367469730076127_7272690734631805050_n-150x150.jpg\" class=\"attachment-thumbnail size-thumbnail\" alt=\"\" \/><\/a>\n\t\t\t\t<\/dt><\/dl><dl class='gallery-item'>\n\t\t\t\t<dt class='gallery-icon landscape'>\n\t\t\t\t\t<a class=\"rollover rollover-zoom dt-pswp-item\" title=\"malditavecindad_30anos_11\" data-dt-img-description=\"\" data-large_image_width=\"970\" data-large_image_height=\"550\"href='https:\/\/www.imer.mx\/orbita\/wp-content\/uploads\/sites\/24\/malditavecindad_30anos_11.jpg'><img loading=\"lazy\" decoding=\"async\" width=\"150\" height=\"150\" src=\"https:\/\/www.imer.mx\/orbita\/wp-content\/uploads\/sites\/24\/malditavecindad_30anos_11-150x150.jpg\" class=\"attachment-thumbnail size-thumbnail\" alt=\"\" \/><\/a>\n\t\t\t\t<\/dt><\/dl><br style=\"clear: both\" \/>\n\t\t\t<\/div>\n\n<p>&nbsp;<\/p>\n","protected":false},"excerpt":{"rendered":"<p>El d\u00eda de ayer nuestra corresponsal en el D.F. Sandra Quir\u00f3z cubri\u00f3 el concierto de los 30 a\u00f1os de la Maldita Vecindad.<br \/>\n<a href=\"\/\/www.imer.mx\/orbita\/30-anos-de-la-maldita-vecindad\/\">Leer m\u00e1s<\/a><\/p>\n","protected":false},"author":41,"featured_media":1070,"comment_status":"closed","ping_status":"closed","sticky":false,"template":"","format":"standard","meta":{"wp_popup_display_lightbox":0,"wp_popup_suppress":"","wp_popup_trigger":"","wp_popup_trigger_amount":0,"wp_popup_disable_on_mobile":false,"footnotes":""},"categories":[2,4],"tags":[],"class_list":["post-1037","post","type-post","status-publish","format-standard","has-post-thumbnail","hentry","category-destacados","category-orbita","category-2","category-4","description-off"],"_links":{"self":[{"href":"https:\/\/www.imer.mx\/orbita\/wp-json\/wp\/v2\/posts\/1037","targetHints":{"allow":["GET"]}}],"collection":[{"href":"https:\/\/www.imer.mx\/orbita\/wp-json\/wp\/v2\/posts"}],"about":[{"href":"https:\/\/www.imer.mx\/orbita\/wp-json\/wp\/v2\/types\/post"}],"author":[{"embeddable":true,"href":"https:\/\/www.imer.mx\/orbita\/wp-json\/wp\/v2\/users\/41"}],"replies":[{"embeddable":true,"href":"https:\/\/www.imer.mx\/orbita\/wp-json\/wp\/v2\/comments?post=1037"}],"version-history":[{"count":0,"href":"https:\/\/www.imer.mx\/orbita\/wp-json\/wp\/v2\/posts\/1037\/revisions"}],"wp:featuredmedia":[{"embeddable":true,"href":"https:\/\/www.imer.mx\/orbita\/wp-json\/wp\/v2\/media\/1070"}],"wp:attachment":[{"href":"https:\/\/www.imer.mx\/orbita\/wp-json\/wp\/v2\/media?parent=1037"}],"wp:term":[{"taxonomy":"category","embeddable":true,"href":"https:\/\/www.imer.mx\/orbita\/wp-json\/wp\/v2\/categories?post=1037"},{"taxonomy":"post_tag","embeddable":true,"href":"https:\/\/www.imer.mx\/orbita\/wp-json\/wp\/v2\/tags?post=1037"}],"curies":[{"name":"wp","href":"https:\/\/api.w.org\/{rel}","templated":true}]}}