{"id":1008,"date":"2014-09-09T12:04:06","date_gmt":"2014-09-09T17:04:06","guid":{"rendered":"http:\/\/www.imer.mx\/orbita\/?p=1008"},"modified":"2016-03-03T14:01:36","modified_gmt":"2016-03-03T21:01:36","slug":"saul-se-reafirma-como-un-descubridor-de-mundos-musicales","status":"publish","type":"post","link":"https:\/\/www.imer.mx\/orbita\/saul-se-reafirma-como-un-descubridor-de-mundos-musicales\/","title":{"rendered":"Sa\u00fal se reafirma como un descubridor de mundos musicales,"},"content":{"rendered":"<p><span style=\"color: #141823\">Un enlazador de esp\u00edritus, un\u00a0<\/span><span style=\"color: #141823\">m\u00fasico ambulante en b\u00fasqueda de ritmos que no llevan etiquetas.<\/span><br style=\"color: #141823\" \/><span style=\"color: #141823\">Se componen canciones para luchar contra el olvido. Cantamos para construir memoria y de paso para proyectar ilusiones y pensamientos a trav\u00e9s del tiempo. Vivimos el ritual del sonido para sentirnos vivos, para apreciar el instante, el d\u00eda, el a\u00f1o,<\/span><span class=\"text_exposed_show\" style=\"color: #141823\">\u00a0el siglo, el milenio. Sa\u00fal Hern\u00e1ndez, creador de canciones, ha regresado con un nuevo disco y en \u00e9l conviven esas sensaciones, lo sencillo, lo complejo, las luces y sus diferentes juegos de sombras, lo tangible y lo m\u00e1gico, lo\u00a0inmortal y por supuesto, lo mortal.<\/span><\/p>\n<p>Esas historias son creadas para dejar un registro, para<a href=\"https:\/\/www.imer.mx\/orbita\/wp-content\/uploads\/sites\/24\/10593055_364029643753469_8282883232283723937_n1.jpg\"><img loading=\"lazy\" decoding=\"async\" class=\"size-medium wp-image-1010 alignleft\" src=\"https:\/\/www.imer.mx\/orbita\/wp-content\/uploads\/sites\/24\/10593055_364029643753469_8282883232283723937_n1-300x297.jpg\" alt=\"10593055_364029643753469_8282883232283723937_n\" width=\"300\" height=\"297\" srcset=\"https:\/\/www.imer.mx\/orbita\/wp-content\/uploads\/sites\/24\/10593055_364029643753469_8282883232283723937_n1-300x297.jpg 300w, https:\/\/www.imer.mx\/orbita\/wp-content\/uploads\/sites\/24\/10593055_364029643753469_8282883232283723937_n1-150x150.jpg 150w, https:\/\/www.imer.mx\/orbita\/wp-content\/uploads\/sites\/24\/10593055_364029643753469_8282883232283723937_n1.jpg 398w\" sizes=\"auto, (max-width: 300px) 100vw, 300px\" \/><\/a>\u00a0entender que lo real y lo irreal habita en nosotros, en un sue\u00f1o llamado vida.<\/p>\n<p>Dividido en dos partes, uno en estudio y otro en vivo, \u201cMortal\u201d se convierte f\u00e1cilmente en la\u00a0banda sonora de la vida, cada una de las canciones posee el encanto de poder combinar, con absoluta naturalidad, lo cotidiano con lo m\u00e1gico, de convertir cada segundo y cada minuto de cada canci\u00f3n, en un episodio de vida, en ese instante que puede convertir una vivencia o un recuerdo en un fragmento de eternidad.<\/p>\n<p>Como compositor Hern\u00e1ndez, ha borrado fronteras geogr\u00e1ficas y generacionales. Las m\u00e1s de 143 canciones que ha compuesto forman parte de la banda sonora de la vida de millones de personas en M\u00e9xico, Latinoam\u00e9rica y Estados Unidos. La gente hace suyas las canciones, volviendo sus composiciones himnos compartidos. Sus aliados se reparten por varias generaciones que\u00a0comparten ideolog\u00eda, sue\u00f1os, pasiones.<br \/>\nCompartiendo lo que el paso de la vida le ha tatuado en su alma; cosiendo con los recuerdos de la memoria que han forjado sus canciones; con la fuerza y la pasi\u00f3n de quien siempre ha navegado demostrando que la m\u00fasica puede romper fronteras; armado con su libreta abarrotada de\u00a0sentimientos provocados por Jaime Sabines, Margarita Michelena, David Bowie, John Lennon, Octavio Paz, Benito Taibo\u2026. Sa\u00fal capitanea en sus canciones y conciertos un viaje a trav\u00e9s de sus composiciones, Canciones que han marcado la vida de m\u00e1s de tres generaciones<\/p>\n","protected":false},"excerpt":{"rendered":"<p>Un enlazador de esp\u00edritus, un m\u00fasico ambulante en b\u00fasqueda de ritmos que no llevan etiquetas. Se componen canciones para luchar contra el olvido. Cantamos para construir memoria y de paso para proyectar ilusiones y pensamientos a trav\u00e9s del tiempo. <a href=\"https:\/\/www.imer.mx\/orbita\/saul-se-reafirma-como-un-descubridor-de-mundos-musicales\/\">Leer m\u00e1s<\/a><\/p>\n","protected":false},"author":41,"featured_media":1009,"comment_status":"closed","ping_status":"closed","sticky":false,"template":"","format":"standard","meta":{"wp_popup_display_lightbox":0,"wp_popup_suppress":"","wp_popup_trigger":"","wp_popup_trigger_amount":0,"wp_popup_disable_on_mobile":false,"footnotes":""},"categories":[2,4],"tags":[],"class_list":["post-1008","post","type-post","status-publish","format-standard","has-post-thumbnail","hentry","category-destacados","category-orbita","category-2","category-4","description-off"],"_links":{"self":[{"href":"https:\/\/www.imer.mx\/orbita\/wp-json\/wp\/v2\/posts\/1008","targetHints":{"allow":["GET"]}}],"collection":[{"href":"https:\/\/www.imer.mx\/orbita\/wp-json\/wp\/v2\/posts"}],"about":[{"href":"https:\/\/www.imer.mx\/orbita\/wp-json\/wp\/v2\/types\/post"}],"author":[{"embeddable":true,"href":"https:\/\/www.imer.mx\/orbita\/wp-json\/wp\/v2\/users\/41"}],"replies":[{"embeddable":true,"href":"https:\/\/www.imer.mx\/orbita\/wp-json\/wp\/v2\/comments?post=1008"}],"version-history":[{"count":0,"href":"https:\/\/www.imer.mx\/orbita\/wp-json\/wp\/v2\/posts\/1008\/revisions"}],"wp:featuredmedia":[{"embeddable":true,"href":"https:\/\/www.imer.mx\/orbita\/wp-json\/wp\/v2\/media\/1009"}],"wp:attachment":[{"href":"https:\/\/www.imer.mx\/orbita\/wp-json\/wp\/v2\/media?parent=1008"}],"wp:term":[{"taxonomy":"category","embeddable":true,"href":"https:\/\/www.imer.mx\/orbita\/wp-json\/wp\/v2\/categories?post=1008"},{"taxonomy":"post_tag","embeddable":true,"href":"https:\/\/www.imer.mx\/orbita\/wp-json\/wp\/v2\/tags?post=1008"}],"curies":[{"name":"wp","href":"https:\/\/api.w.org\/{rel}","templated":true}]}}