{"id":9863,"date":"2016-06-08T18:17:50","date_gmt":"2016-06-08T23:17:50","guid":{"rendered":"http:\/\/www.imer.mx\/opus\/?p=9863"},"modified":"2016-06-08T18:33:25","modified_gmt":"2016-06-08T23:33:25","slug":"conciertos-xxx-aniversario-de-opus-94-orquesta-de-camara-de-la-escuela-nacional-preparatoria-miercoles-15-de-junio1700-horas","status":"publish","type":"post","link":"https:\/\/www.imer.mx\/opus\/conciertos-xxx-aniversario-de-opus-94-orquesta-de-camara-de-la-escuela-nacional-preparatoria-miercoles-15-de-junio1700-horas\/","title":{"rendered":"Conciertos XXX Aniversario de Opus 94-Orquesta de C\u00e1mara de la Escuela Nacional Preparatoria-Mi\u00e9rcoles 15 de junio17:00 horas."},"content":{"rendered":"<div id=\"attachment_9864\" style=\"width: 784px\" class=\"wp-caption aligncenter\"><img loading=\"lazy\" decoding=\"async\" aria-describedby=\"caption-attachment-9864\" class=\"wp-image-9864 \" src=\"https:\/\/www.imer.mx\/opus\/wp-content\/uploads\/sites\/13\/saloma-cordoba-orq-1024x582.jpg\" alt=\"saloma-cordoba-orq\" width=\"774\" height=\"440\" srcset=\"https:\/\/www.imer.mx\/opus\/wp-content\/uploads\/sites\/13\/saloma-cordoba-orq.jpg 1024w, https:\/\/www.imer.mx\/opus\/wp-content\/uploads\/sites\/13\/saloma-cordoba-orq-300x171.jpg 300w, https:\/\/www.imer.mx\/opus\/wp-content\/uploads\/sites\/13\/saloma-cordoba-orq-768x437.jpg 768w\" sizes=\"auto, (max-width: 774px) 100vw, 774px\" \/><p id=\"caption-attachment-9864\" class=\"wp-caption-text\">Jorge C\u00f3rdoba-Orquesta de C\u00e1mara de la Escuela Nacional Preparatoria-Luis Samuel Saloma<\/p><\/div>\n<p><strong>\u201cConciertos Radiof\u00f3nicos\u201d<\/strong> \u00a0Temporada de conciertos por el <strong>XXX Aniversario de Opus 94<\/strong>. Presentaci\u00f3n de Orquesta de C\u00e1mara de la Escuela Nacional Preparatoria dirigida por el <strong>Maestro Luis Samuel Saloma<\/strong>. Estreno mundial de la obra <strong>\u201cCelebraci\u00f3n para cuerdas\u201d<\/strong> del maestro <strong>Jorge C\u00f3rdoba Valencia<\/strong>, especialmente escrita para el <strong>XXX Aniversario de Opus 94<\/strong>. Adem\u00e1s interpretar\u00e1n la obertura <strong>\u201cEl Murci\u00e9lago\u201d <\/strong>de<strong> Johann Strauss II; Suite de \u201cLa Arlesiana\u201d <\/strong>de<strong> Georges Bizet <\/strong>y<strong> \u201cCapricho espa\u00f1ol\u201d <\/strong>de<strong> Nikolai Rimski-Korsakov.<\/strong> La cita es a las <strong><u>El mi\u00e9rcoles 15 de junio a las 17:00 horas<\/u><\/strong> en el <strong>Auditorio \u201cDr. Ignacio Ch\u00e1vez\u201d<\/strong> de la <strong>Escuela Nacional Preparatoria no.8,<\/strong> ubicada en Avenida Lomas de Plateros esquina con Francisco P. Miranda, colonia Merced G\u00f3mez a 3 cuadras de Perif\u00e9rico sur.<\/p>\n<p>Confirme su asistencia a los tel\u00e9fonos\u00a0<strong>5628-1717 y 5604-8124, <\/strong>o bien\u00a0\u00a0\u00a0\u00a0\u00a0 esc\u00fachenos en vivo por el <strong>\u00a094.5 de FM.<\/strong><\/p>\n<p><strong>\u00a0Entrada libre. <\/strong><\/p>\n","protected":false},"excerpt":{"rendered":"<p>\u201cConciertos Radiof\u00f3nicos\u201d \u00a0Temporada de conciertos por el XXX Aniversario de Opus 94. Presentaci\u00f3n de Orquesta de C\u00e1mara de la Escuela Nacional Preparatoria dirigida por el Maestro Luis Samuel Saloma. Estreno mundial de la obra \u201cCelebraci\u00f3n para cuerdas\u201d del maestro Jorge C\u00f3rdoba Valencia, especialmente escrita para el XXX Aniversario de Opus 94. Adem\u00e1s interpretar\u00e1n la obertura&hellip;<\/p>\n","protected":false},"author":6,"featured_media":9864,"comment_status":"closed","ping_status":"closed","sticky":false,"template":"","format":"standard","meta":{"wp_popup_display_lightbox":0,"wp_popup_suppress":"","wp_popup_trigger":"","wp_popup_trigger_amount":0,"wp_popup_disable_on_mobile":false,"footnotes":""},"categories":[9],"tags":[],"class_list":["post-9863","post","type-post","status-publish","format-standard","has-post-thumbnail","hentry","category-sesiones-opus","category-9","description-off"],"_links":{"self":[{"href":"https:\/\/www.imer.mx\/opus\/wp-json\/wp\/v2\/posts\/9863","targetHints":{"allow":["GET"]}}],"collection":[{"href":"https:\/\/www.imer.mx\/opus\/wp-json\/wp\/v2\/posts"}],"about":[{"href":"https:\/\/www.imer.mx\/opus\/wp-json\/wp\/v2\/types\/post"}],"author":[{"embeddable":true,"href":"https:\/\/www.imer.mx\/opus\/wp-json\/wp\/v2\/users\/6"}],"replies":[{"embeddable":true,"href":"https:\/\/www.imer.mx\/opus\/wp-json\/wp\/v2\/comments?post=9863"}],"version-history":[{"count":0,"href":"https:\/\/www.imer.mx\/opus\/wp-json\/wp\/v2\/posts\/9863\/revisions"}],"wp:featuredmedia":[{"embeddable":true,"href":"https:\/\/www.imer.mx\/opus\/wp-json\/wp\/v2\/media\/9864"}],"wp:attachment":[{"href":"https:\/\/www.imer.mx\/opus\/wp-json\/wp\/v2\/media?parent=9863"}],"wp:term":[{"taxonomy":"category","embeddable":true,"href":"https:\/\/www.imer.mx\/opus\/wp-json\/wp\/v2\/categories?post=9863"},{"taxonomy":"post_tag","embeddable":true,"href":"https:\/\/www.imer.mx\/opus\/wp-json\/wp\/v2\/tags?post=9863"}],"curies":[{"name":"wp","href":"https:\/\/api.w.org\/{rel}","templated":true}]}}