{"id":8941,"date":"2016-02-06T01:43:57","date_gmt":"2016-02-06T07:43:57","guid":{"rendered":"http:\/\/www.imer.mx\/opus\/?p=8941"},"modified":"2016-06-08T13:55:20","modified_gmt":"2016-06-08T18:55:20","slug":"programa-notas-y-claves-sabado-6-de-febrero-1100-a-1200-horas-homenaje-a-nikolaus-harnoncourt-programa-iv","status":"publish","type":"post","link":"https:\/\/www.imer.mx\/opus\/programa-notas-y-claves-sabado-6-de-febrero-1100-a-1200-horas-homenaje-a-nikolaus-harnoncourt-programa-iv\/","title":{"rendered":"Programa &#8220;Notas y claves&#8221;. S\u00e1bado 6 de febrero.11:00 a 12:00 horas.      Homenaje a Nikolaus Harnoncourt-Programa IV"},"content":{"rendered":"<p>Sintonice el programa <strong>&#8220;Notas y claves&#8221;<\/strong> este <strong>s\u00e1bado 6 de febrero\u00a0<\/strong>en punto de las 11:00 horas, presentaremos una cuarta emisi\u00f3n dedicada al violonchelista, violagambista, music\u00f3logo y director de orquesta <strong>Nikolaus Harnoncourt<\/strong>, fundador de la orquesta <strong>Concentus Musicus de Viena.<\/strong><\/p>\n<p>Escucharemos las siguientes composiciones\u00a0de <strong>Johann Sebastian Bach (1685-1750):\u00a0<\/strong><\/p>\n<ul>\n<li><strong>Concierto en re menor para 2 violines, orquesta de cuerdas y bajo continuo<\/strong>\u00a0<b>BWV 1043<\/b><\/li>\n<li><strong>Concierto en mi mayor para viol\u00edn, orquesta de cuerdas y bajo continuo<\/strong>\u00a0<b>BWV 1042<\/b><\/li>\n<li><b>Sonata a tr\u00edo en sol mayor para dos flautas transversas y bajo continuo BWV 1039<\/b><\/li>\n<\/ul>\n<p>Conducci\u00f3n y producci\u00f3n: Lucas Hern\u00e1ndez Bico<\/p>\n<p>Videos sugeridos:<br \/>\n<iframe loading=\"lazy\" width=\"1200\" height=\"900\" src=\"https:\/\/www.youtube.com\/embed\/Z-8Ig71wBfw?feature=oembed\" frameborder=\"0\" allowfullscreen><\/iframe><br \/>\n<iframe loading=\"lazy\" width=\"1200\" height=\"675\" src=\"https:\/\/www.youtube.com\/embed\/GzTwO0zWrqU?feature=oembed\" frameborder=\"0\" allowfullscreen><\/iframe><br \/>\n<iframe loading=\"lazy\" width=\"1200\" height=\"675\" src=\"https:\/\/www.youtube.com\/embed\/btfH_GSXWe4?feature=oembed\" frameborder=\"0\" allowfullscreen><\/iframe><\/p>\n<p>&nbsp;<\/p>\n","protected":false},"excerpt":{"rendered":"<p>En el programa &#8220;Notas y claves&#8221;, presentaremos una cuarta emisi\u00f3n dedicada al violonchelista, violagambista, music\u00f3logo y director de orquesta Nikolaus Harnoncourt, fundador de la orquesta Concentus Musicus de Viena. <\/p>\n","protected":false},"author":6,"featured_media":8942,"comment_status":"closed","ping_status":"closed","sticky":false,"template":"","format":"standard","meta":{"wp_popup_display_lightbox":0,"wp_popup_suppress":"","wp_popup_trigger":"","wp_popup_trigger_amount":0,"wp_popup_disable_on_mobile":false,"footnotes":""},"categories":[33,18],"tags":[],"class_list":["post-8941","post","type-post","status-publish","format-standard","has-post-thumbnail","hentry","category-notas-y-claves","category-programas","category-33","category-18","description-off"],"_links":{"self":[{"href":"https:\/\/www.imer.mx\/opus\/wp-json\/wp\/v2\/posts\/8941","targetHints":{"allow":["GET"]}}],"collection":[{"href":"https:\/\/www.imer.mx\/opus\/wp-json\/wp\/v2\/posts"}],"about":[{"href":"https:\/\/www.imer.mx\/opus\/wp-json\/wp\/v2\/types\/post"}],"author":[{"embeddable":true,"href":"https:\/\/www.imer.mx\/opus\/wp-json\/wp\/v2\/users\/6"}],"replies":[{"embeddable":true,"href":"https:\/\/www.imer.mx\/opus\/wp-json\/wp\/v2\/comments?post=8941"}],"version-history":[{"count":0,"href":"https:\/\/www.imer.mx\/opus\/wp-json\/wp\/v2\/posts\/8941\/revisions"}],"wp:featuredmedia":[{"embeddable":true,"href":"https:\/\/www.imer.mx\/opus\/wp-json\/wp\/v2\/media\/8942"}],"wp:attachment":[{"href":"https:\/\/www.imer.mx\/opus\/wp-json\/wp\/v2\/media?parent=8941"}],"wp:term":[{"taxonomy":"category","embeddable":true,"href":"https:\/\/www.imer.mx\/opus\/wp-json\/wp\/v2\/categories?post=8941"},{"taxonomy":"post_tag","embeddable":true,"href":"https:\/\/www.imer.mx\/opus\/wp-json\/wp\/v2\/tags?post=8941"}],"curies":[{"name":"wp","href":"https:\/\/api.w.org\/{rel}","templated":true}]}}