{"id":8799,"date":"2016-01-06T12:32:29","date_gmt":"2016-01-06T18:32:29","guid":{"rendered":"http:\/\/www.imer.mx\/opus\/?p=8799"},"modified":"2016-06-08T14:20:28","modified_gmt":"2016-06-08T19:20:28","slug":"conciertos-radiofonicos-vitali-roumanov-violonchelo-y-jozef-olechowski-piano-lunes-11-de-enero-1700-horas-estudio-a-del-imer","status":"publish","type":"post","link":"https:\/\/www.imer.mx\/opus\/conciertos-radiofonicos-vitali-roumanov-violonchelo-y-jozef-olechowski-piano-lunes-11-de-enero-1700-horas-estudio-a-del-imer\/","title":{"rendered":"Conciertos Radiof\u00f3nicos-Vitali Roumanov, violonchelo y J\u00f3zef Olechowski, piano-Lunes 11 de enero 17:00 horas. Estudio A del IMER."},"content":{"rendered":"<p><strong>\u201cConciertos Radiof\u00f3nicos\u201d<\/strong> inicia este 2016 presentando un recital con <strong>Vitali Roumanov<\/strong> al violonchelo y <strong>Josef Olechowski<\/strong> al piano. Obras de <strong>Johann Sebastian Bach, Gaspar Cassad\u00f3 y Edward Grieg<\/strong>. El Maestro Roumanov tocara con un aut\u00e9ntico violonchelo <strong>Antonio Stradivari<\/strong> conocido como <strong>\u201cEx Vaticano\u201d<\/strong> construido en a\u00f1o de 1703. <strong>Lunes <\/strong><strong>11<\/strong><strong> de enero<\/strong> a las 17 horas en el <strong>Estudio A <\/strong>del IMER, calle Mayorazgo no.83 col. Xoco.<\/p>\n<p><strong>ENTRADAS AGOTADAS. DISFRUTE DE ESTE CONCIERTO POR EL 94.5 DE FM O HACIENDO CLICK EN EL \u00cdCONO\u00a0DE\u00a0&#8220;ESCUCHA EN VIVO&#8221; DE ESTA P\u00c1GINA<\/strong><\/p>\n<p>No se podr\u00e1 acceder con ni\u00f1os menores de 8 a\u00f1os. <strong>Una vez iniciado el concierto no se permitir\u00e1 la entrada hasta la primera pausa.<\/strong><\/p>\n<p>Esta liga lo llevar\u00e1 a un art\u00edculo sobre el violonchelo que se usar\u00e1 en este concierto:<\/p>\n<p>https:\/\/es.wikipedia.org\/wiki\/Stradivarius_del_vaticano<\/p>\n<p>&nbsp;<\/p>\n","protected":false},"excerpt":{"rendered":"<p>\u201cConciertos Radiof\u00f3nicos\u201d presenta un recital con Vitali Roumanov al violonchelo y Josef Olechowski al piano. Obras de Johann Sebastian Bach, Gaspar Cassad\u00f3 y Edward Grieg.<\/p>\n","protected":false},"author":6,"featured_media":8820,"comment_status":"closed","ping_status":"closed","sticky":false,"template":"","format":"standard","meta":{"wp_popup_display_lightbox":0,"wp_popup_suppress":"","wp_popup_trigger":"","wp_popup_trigger_amount":0,"wp_popup_disable_on_mobile":false,"footnotes":""},"categories":[9],"tags":[],"class_list":["post-8799","post","type-post","status-publish","format-standard","has-post-thumbnail","hentry","category-sesiones-opus","category-9","description-off"],"_links":{"self":[{"href":"https:\/\/www.imer.mx\/opus\/wp-json\/wp\/v2\/posts\/8799","targetHints":{"allow":["GET"]}}],"collection":[{"href":"https:\/\/www.imer.mx\/opus\/wp-json\/wp\/v2\/posts"}],"about":[{"href":"https:\/\/www.imer.mx\/opus\/wp-json\/wp\/v2\/types\/post"}],"author":[{"embeddable":true,"href":"https:\/\/www.imer.mx\/opus\/wp-json\/wp\/v2\/users\/6"}],"replies":[{"embeddable":true,"href":"https:\/\/www.imer.mx\/opus\/wp-json\/wp\/v2\/comments?post=8799"}],"version-history":[{"count":0,"href":"https:\/\/www.imer.mx\/opus\/wp-json\/wp\/v2\/posts\/8799\/revisions"}],"wp:featuredmedia":[{"embeddable":true,"href":"https:\/\/www.imer.mx\/opus\/wp-json\/wp\/v2\/media\/8820"}],"wp:attachment":[{"href":"https:\/\/www.imer.mx\/opus\/wp-json\/wp\/v2\/media?parent=8799"}],"wp:term":[{"taxonomy":"category","embeddable":true,"href":"https:\/\/www.imer.mx\/opus\/wp-json\/wp\/v2\/categories?post=8799"},{"taxonomy":"post_tag","embeddable":true,"href":"https:\/\/www.imer.mx\/opus\/wp-json\/wp\/v2\/tags?post=8799"}],"curies":[{"name":"wp","href":"https:\/\/api.w.org\/{rel}","templated":true}]}}