{"id":8655,"date":"2015-11-25T12:17:34","date_gmt":"2015-11-25T18:17:34","guid":{"rendered":"http:\/\/www.imer.mx\/opus\/?p=8655"},"modified":"2016-06-08T17:40:43","modified_gmt":"2016-06-08T22:40:43","slug":"conciertos-radiofonicos-175-aniversario-del-natalicio-de-piotr-ilich-chaikovsky-lunes-30-de-noviembre-1700-horas-estudio-a-del-imer","status":"publish","type":"post","link":"https:\/\/www.imer.mx\/opus\/conciertos-radiofonicos-175-aniversario-del-natalicio-de-piotr-ilich-chaikovsky-lunes-30-de-noviembre-1700-horas-estudio-a-del-imer\/","title":{"rendered":"Conciertos Radiof\u00f3nicos-\u201c175 Aniversario del natalicio de Piotr Ilich Chaikovsky\u201d-lunes 30 de noviembre 17:00 horas. Estudio A del IMER."},"content":{"rendered":"<p><strong>\u201cConciertos Radiof\u00f3nicos\u201d<\/strong> presenta el recital con motivo del <strong>\u201c175 Aniversario del natalicio de Piotr Ilich Chaikovsky\u201d. <\/strong>Recital con arias de la \u00f3pera <strong>\u201cEugenio Oneguin\u201d <\/strong>con los cantantes<strong> Masha Soboleva, Jacinta Barbachano, Jorge Ruvalcaba <\/strong>y <strong>Emilio Castellanos <\/strong>con la participaci\u00f3n de<strong> Oscar Espinoza <\/strong>como pianista invitado<strong>. <\/strong>Lunes <strong>30 de noviembre<\/strong> a las 17 horas. <strong>Estudio A <\/strong>del IMER, calle Mayorazgo no.83 col. Xoco.\u00a0 Confirme su asistencia a los tel\u00e9fonos\u00a0<strong>5628-1717 y 5604-8124, <\/strong>o bien esc\u00fachenos en vivo por el <strong>\u00a094.5 de FM.<\/strong><\/p>\n<p><strong>Entrada libre. Cupo limitado.<\/strong><\/p>\n<p>No se podr\u00e1 acceder con ni\u00f1os menores de 8 a\u00f1os. <strong>Una vez iniciado el concierto no se permitir\u00e1 la entrada hasta la primera pausa. Para mayor informaci\u00f3n visite nuestra p\u00e1gina web: <\/strong><a href=\"https:\/\/www.imer.mx\/opus\"><strong><em>www.imer.mx\/opus<\/em><\/strong><\/a>. <strong>\u00a1Opus 94 invita!<\/strong><\/p>\n","protected":false},"excerpt":{"rendered":"<p>\u201cConciertos Radiof\u00f3nicos\u201d presenta el recital con motivo del \u201c175 Aniversario del natalicio de Piotr Ilich Chaikovsky\u201d.<\/p>\n","protected":false},"author":6,"featured_media":8656,"comment_status":"closed","ping_status":"closed","sticky":false,"template":"","format":"standard","meta":{"wp_popup_display_lightbox":0,"wp_popup_suppress":"","wp_popup_trigger":"","wp_popup_trigger_amount":0,"wp_popup_disable_on_mobile":false,"footnotes":""},"categories":[9],"tags":[],"class_list":["post-8655","post","type-post","status-publish","format-standard","has-post-thumbnail","hentry","category-sesiones-opus","category-9","description-off"],"_links":{"self":[{"href":"https:\/\/www.imer.mx\/opus\/wp-json\/wp\/v2\/posts\/8655","targetHints":{"allow":["GET"]}}],"collection":[{"href":"https:\/\/www.imer.mx\/opus\/wp-json\/wp\/v2\/posts"}],"about":[{"href":"https:\/\/www.imer.mx\/opus\/wp-json\/wp\/v2\/types\/post"}],"author":[{"embeddable":true,"href":"https:\/\/www.imer.mx\/opus\/wp-json\/wp\/v2\/users\/6"}],"replies":[{"embeddable":true,"href":"https:\/\/www.imer.mx\/opus\/wp-json\/wp\/v2\/comments?post=8655"}],"version-history":[{"count":0,"href":"https:\/\/www.imer.mx\/opus\/wp-json\/wp\/v2\/posts\/8655\/revisions"}],"wp:featuredmedia":[{"embeddable":true,"href":"https:\/\/www.imer.mx\/opus\/wp-json\/wp\/v2\/media\/8656"}],"wp:attachment":[{"href":"https:\/\/www.imer.mx\/opus\/wp-json\/wp\/v2\/media?parent=8655"}],"wp:term":[{"taxonomy":"category","embeddable":true,"href":"https:\/\/www.imer.mx\/opus\/wp-json\/wp\/v2\/categories?post=8655"},{"taxonomy":"post_tag","embeddable":true,"href":"https:\/\/www.imer.mx\/opus\/wp-json\/wp\/v2\/tags?post=8655"}],"curies":[{"name":"wp","href":"https:\/\/api.w.org\/{rel}","templated":true}]}}