{"id":7709,"date":"2015-04-15T21:01:31","date_gmt":"2015-04-16T02:01:31","guid":{"rendered":"http:\/\/www.imer.mx\/opus\/?p=7709"},"modified":"2016-06-08T14:28:22","modified_gmt":"2016-06-08T19:28:22","slug":"conciertos-radiofonicos-alexander-soto-bajo-baritono-eugenio-chavez-piano-recital-kammerlieder","status":"publish","type":"post","link":"https:\/\/www.imer.mx\/opus\/conciertos-radiofonicos-alexander-soto-bajo-baritono-eugenio-chavez-piano-recital-kammerlieder\/","title":{"rendered":"Conciertos Radiof\u00f3nicos. Alexander Soto, bajo-bar\u00edtono, Eugenio Ch\u00e1vez, piano. Recital &#8220;Kammerlieder&#8221;. Lunes 20 de abril. Estudio &#8220;A&#8221;"},"content":{"rendered":"<div id=\"attachment_7710\" style=\"width: 1034px\" class=\"wp-caption aligncenter\"><a href=\"https:\/\/www.imer.mx\/opus\/wp-content\/uploads\/sites\/13\/Alexander-y-Eugenio.jpg\"><img loading=\"lazy\" decoding=\"async\" aria-describedby=\"caption-attachment-7710\" class=\"wp-image-7710 size-large\" src=\"https:\/\/www.imer.mx\/opus\/wp-content\/uploads\/sites\/13\/Alexander-y-Eugenio-1024x701.jpg\" alt=\"Alexander y Eugenio\" width=\"1024\" height=\"701\" srcset=\"https:\/\/www.imer.mx\/opus\/wp-content\/uploads\/sites\/13\/Alexander-y-Eugenio-1024x701.jpg 1024w, https:\/\/www.imer.mx\/opus\/wp-content\/uploads\/sites\/13\/Alexander-y-Eugenio-300x205.jpg 300w\" sizes=\"auto, (max-width: 1024px) 100vw, 1024px\" \/><\/a><p id=\"caption-attachment-7710\" class=\"wp-caption-text\">Alexander Soto y Eugenio Ch\u00e1vez<\/p><\/div>\n<p>&nbsp;<\/p>\n<p><strong>\u201cConciertos <\/strong><strong>Radiof\u00f3nicos<\/strong><strong>\u201d<\/strong> contin\u00faa el mes de abril presentando al bajo-bar\u00edtono Alexander Soto y al pianista Eugenio Ch\u00e1vez en el recital<strong> \u201cKammerlieder-El coraz\u00f3n languidece\u201d con canciones de Mozart, Haydn. Chopin y Brahms, entre otros. Lunes 20 de abril <\/strong>a partir de las 17:00 horas\u00a0en el\u00a0<strong>Estudio A <\/strong>del IMER, calle Mayorazgo no.83 col. Xoco.\u00a0 Confirme su asistencia a los tel\u00e9fonos\u00a0<strong>5628-1717 y 5604-8124, <\/strong>o bien esc\u00fachenos en vivo por el <strong>\u00a094.5 de FM.<\/strong><\/p>\n<p><strong>Entrada libre. Cupo limitado.<\/strong><\/p>\n<p><strong>Una vez iniciado el concierto no se permitir\u00e1 la entrada hasta la primera pausa. <\/strong><\/p>\n","protected":false},"excerpt":{"rendered":"<p>&nbsp; \u201cConciertos Radiof\u00f3nicos\u201d contin\u00faa el mes de abril presentando al bajo-bar\u00edtono Alexander Soto y al pianista Eugenio Ch\u00e1vez en el recital \u201cKammerlieder-El coraz\u00f3n languidece\u201d con canciones de Mozart, Haydn. Chopin y Brahms, entre otros. Lunes 20 de abril a partir de las 17:00 horas\u00a0en el\u00a0Estudio A del IMER, calle Mayorazgo no.83 col. Xoco.\u00a0 Confirme su&hellip;<\/p>\n","protected":false},"author":6,"featured_media":0,"comment_status":"closed","ping_status":"closed","sticky":false,"template":"","format":"standard","meta":{"wp_popup_display_lightbox":0,"wp_popup_suppress":"","wp_popup_trigger":"","wp_popup_trigger_amount":0,"wp_popup_disable_on_mobile":false,"footnotes":""},"categories":[9],"tags":[],"class_list":["post-7709","post","type-post","status-publish","format-standard","hentry","category-sesiones-opus","category-9","description-off"],"_links":{"self":[{"href":"https:\/\/www.imer.mx\/opus\/wp-json\/wp\/v2\/posts\/7709","targetHints":{"allow":["GET"]}}],"collection":[{"href":"https:\/\/www.imer.mx\/opus\/wp-json\/wp\/v2\/posts"}],"about":[{"href":"https:\/\/www.imer.mx\/opus\/wp-json\/wp\/v2\/types\/post"}],"author":[{"embeddable":true,"href":"https:\/\/www.imer.mx\/opus\/wp-json\/wp\/v2\/users\/6"}],"replies":[{"embeddable":true,"href":"https:\/\/www.imer.mx\/opus\/wp-json\/wp\/v2\/comments?post=7709"}],"version-history":[{"count":0,"href":"https:\/\/www.imer.mx\/opus\/wp-json\/wp\/v2\/posts\/7709\/revisions"}],"wp:attachment":[{"href":"https:\/\/www.imer.mx\/opus\/wp-json\/wp\/v2\/media?parent=7709"}],"wp:term":[{"taxonomy":"category","embeddable":true,"href":"https:\/\/www.imer.mx\/opus\/wp-json\/wp\/v2\/categories?post=7709"},{"taxonomy":"post_tag","embeddable":true,"href":"https:\/\/www.imer.mx\/opus\/wp-json\/wp\/v2\/tags?post=7709"}],"curies":[{"name":"wp","href":"https:\/\/api.w.org\/{rel}","templated":true}]}}