{"id":7662,"date":"2015-03-31T14:24:04","date_gmt":"2015-03-31T20:24:04","guid":{"rendered":"http:\/\/www.imer.mx\/opus\/?p=7662"},"modified":"2016-06-08T14:29:14","modified_gmt":"2016-06-08T19:29:14","slug":"conciertos-radiofonicos-luines-6-de-abril-recital-de-sitar-tabla-y-saxofon-musica-oriental-y-clasica","status":"publish","type":"post","link":"https:\/\/www.imer.mx\/opus\/conciertos-radiofonicos-luines-6-de-abril-recital-de-sitar-tabla-y-saxofon-musica-oriental-y-clasica\/","title":{"rendered":"Conciertos Radiof\u00f3nicos. Luines 6 de abril. Recital de sitar, tabla y saxof\u00f3n. M\u00fasica oriental y cl\u00e1sica."},"content":{"rendered":"<div id=\"attachment_7663\" style=\"width: 947px\" class=\"wp-caption aligncenter\"><a href=\"https:\/\/www.imer.mx\/opus\/wp-content\/uploads\/sites\/13\/Sof\u00eda-Sidatha-Gabriel.jpg\"><img loading=\"lazy\" decoding=\"async\" aria-describedby=\"caption-attachment-7663\" class=\"wp-image-7663 \" src=\"https:\/\/www.imer.mx\/opus\/wp-content\/uploads\/sites\/13\/Sof\u00eda-Sidatha-Gabriel-1024x750.jpg\" alt=\"Sof\u00eda-Sidatha-Gabriel\" width=\"937\" height=\"686\" srcset=\"https:\/\/www.imer.mx\/opus\/wp-content\/uploads\/sites\/13\/Sof\u00eda-Sidatha-Gabriel-1024x750.jpg 1024w, https:\/\/www.imer.mx\/opus\/wp-content\/uploads\/sites\/13\/Sof\u00eda-Sidatha-Gabriel-300x220.jpg 300w\" sizes=\"auto, (max-width: 937px) 100vw, 937px\" \/><\/a><p id=\"caption-attachment-7663\" class=\"wp-caption-text\">Sof\u00eda Zumbado, saxof\u00f3n, Sidartha Siliceo, sitar y Gabriel Morf\u00edn, tabla.<\/p><\/div>\n<p>&nbsp;<\/p>\n<p><strong>\u201cConciertos Radiof\u00f3nicos\u201d<\/strong> inicia el mes de abril de abril presentando a <strong>Sof\u00eda Zumbado, <\/strong>saxof\u00f3n soprano<strong>, Sidartha Siliceo, <\/strong>sitar y<strong> Gabriel Morf\u00edn, <\/strong>tabla. <strong>Recital de m\u00fasica tradicional de la India y fusi\u00f3n de m\u00fasica oriental y cl\u00e1sica<\/strong>. <strong>Lunes 6 de abril <\/strong>a partir de las 17:00 horas\u00a0en el\u00a0<strong>Estudio A <\/strong>del IMER, calle Mayorazgo no.83 col. Xoco.\u00a0 Confirme su asistencia a los tel\u00e9fonos\u00a0<strong>5628-1717 y 5604-8124, <\/strong>o bien esc\u00fachenos en vivo por el <strong>\u00a094.5 de FM.<\/strong><\/p>\n<p><strong>Entrada libre. Cupo limitado.<\/strong><\/p>\n<p><strong>Una vez iniciado el concierto no se permitir\u00e1 la entrada hasta la primera pausa. <\/strong><\/p>\n","protected":false},"excerpt":{"rendered":"<p>&nbsp; \u201cConciertos Radiof\u00f3nicos\u201d inicia el mes de abril de abril presentando a Sof\u00eda Zumbado, saxof\u00f3n soprano, Sidartha Siliceo, sitar y Gabriel Morf\u00edn, tabla. Recital de m\u00fasica tradicional de la India y fusi\u00f3n de m\u00fasica oriental y cl\u00e1sica. Lunes 6 de abril a partir de las 17:00 horas\u00a0en el\u00a0Estudio A del IMER, calle Mayorazgo no.83 col.&hellip;<\/p>\n","protected":false},"author":6,"featured_media":0,"comment_status":"closed","ping_status":"closed","sticky":false,"template":"","format":"standard","meta":{"wp_popup_display_lightbox":0,"wp_popup_suppress":"","wp_popup_trigger":"","wp_popup_trigger_amount":0,"wp_popup_disable_on_mobile":false,"footnotes":""},"categories":[9],"tags":[],"class_list":["post-7662","post","type-post","status-publish","format-standard","hentry","category-sesiones-opus","category-9","description-off"],"_links":{"self":[{"href":"https:\/\/www.imer.mx\/opus\/wp-json\/wp\/v2\/posts\/7662","targetHints":{"allow":["GET"]}}],"collection":[{"href":"https:\/\/www.imer.mx\/opus\/wp-json\/wp\/v2\/posts"}],"about":[{"href":"https:\/\/www.imer.mx\/opus\/wp-json\/wp\/v2\/types\/post"}],"author":[{"embeddable":true,"href":"https:\/\/www.imer.mx\/opus\/wp-json\/wp\/v2\/users\/6"}],"replies":[{"embeddable":true,"href":"https:\/\/www.imer.mx\/opus\/wp-json\/wp\/v2\/comments?post=7662"}],"version-history":[{"count":0,"href":"https:\/\/www.imer.mx\/opus\/wp-json\/wp\/v2\/posts\/7662\/revisions"}],"wp:attachment":[{"href":"https:\/\/www.imer.mx\/opus\/wp-json\/wp\/v2\/media?parent=7662"}],"wp:term":[{"taxonomy":"category","embeddable":true,"href":"https:\/\/www.imer.mx\/opus\/wp-json\/wp\/v2\/categories?post=7662"},{"taxonomy":"post_tag","embeddable":true,"href":"https:\/\/www.imer.mx\/opus\/wp-json\/wp\/v2\/tags?post=7662"}],"curies":[{"name":"wp","href":"https:\/\/api.w.org\/{rel}","templated":true}]}}