{"id":7646,"date":"2015-03-25T19:09:27","date_gmt":"2015-03-26T01:09:27","guid":{"rendered":"http:\/\/www.imer.mx\/opus\/?p=7646"},"modified":"2016-06-08T14:29:32","modified_gmt":"2016-06-08T19:29:32","slug":"conciertos-radiofonicos-lunes-30-de-marzo-los-perezosos","status":"publish","type":"post","link":"https:\/\/www.imer.mx\/opus\/conciertos-radiofonicos-lunes-30-de-marzo-los-perezosos\/","title":{"rendered":"Conciertos Radiof\u00f3nicos. Lunes 30 de marzo. &#8220;Los Perezosos&#8221;"},"content":{"rendered":"<div id=\"attachment_7647\" style=\"width: 1016px\" class=\"wp-caption aligncenter\"><a href=\"https:\/\/www.imer.mx\/opus\/wp-content\/uploads\/sites\/13\/Los-Perezosos.jpg\"><img loading=\"lazy\" decoding=\"async\" aria-describedby=\"caption-attachment-7647\" class=\"wp-image-7647\" src=\"https:\/\/www.imer.mx\/opus\/wp-content\/uploads\/sites\/13\/Los-Perezosos.jpg\" alt=\"Los Perezosos\" width=\"1006\" height=\"599\" srcset=\"https:\/\/www.imer.mx\/opus\/wp-content\/uploads\/sites\/13\/Los-Perezosos.jpg 3662w, https:\/\/www.imer.mx\/opus\/wp-content\/uploads\/sites\/13\/Los-Perezosos-300x179.jpg 300w, https:\/\/www.imer.mx\/opus\/wp-content\/uploads\/sites\/13\/Los-Perezosos-1024x610.jpg 1024w\" sizes=\"auto, (max-width: 1006px) 100vw, 1006px\" \/><\/a><p id=\"caption-attachment-7647\" class=\"wp-caption-text\">Los Perezosos<\/p><\/div>\n<p><strong>\u201cConciertos Radiof\u00f3nicos\u201d<\/strong> concluye el mes de marzo presentando al tr\u00edo <strong>\u201cLos Perezosos\u201d<\/strong>: violonchelo, contrabajo y bater\u00eda y&#8230;un \u00a0guitarrista invitado. Fusi\u00f3n de Son cubano, jazz, m\u00fasica cl\u00e1sica y bolero con <strong>arreglos propios<\/strong> as\u00ed como con obras originales del estadounidense <strong>David Chesky<\/strong>.<\/p>\n<p><strong>Lunes 30 de marzo <\/strong>a partir de las 17:00 horas\u00a0en el\u00a0<strong>Estudio A <\/strong>del IMER, calle Mayorazgo no.83 col. Xoco.\u00a0 Confirme su asistencia a los tel\u00e9fonos\u00a0<strong>5628-1717 y 5604-8124, <\/strong>o bien esc\u00fachenos en vivo por el <strong>\u00a094.5 de FM.<\/strong><\/p>\n<p><strong>PROGRAMA:<\/strong><\/p>\n<p>&#8211;\u2010 Estudio no.3 para dos instrumentos graves \u00a0 \u00a0 \u00a0 \u00a0 \u00a0 \u00a0 \u00a0 \u00a0 \u00a0 \u00a0 \u00a0 \u00a0 \u00a0 \u00a0 \u00a0 D.Chesky<\/p>\n<p>&#8211;\u2010Amapola \u00a0 \u00a0 \u00a0 \u00a0 \u00a0 \u00a0 \u00a0 \u00a0 \u00a0 \u00a0 \u00a0 \u00a0 \u00a0 \u00a0 \u00a0 \u00a0 \u00a0 \u00a0 \u00a0 \u00a0 \u00a0 \u00a0 \u00a0 \u00a0 \u00a0 \u00a0 \u00a0 \u00a0 \u00a0 \u00a0 \u00a0 \u00a0 \u00a0Bolero, arr.LosPerezosos<\/p>\n<p>&#8211;\u2010Estudiono.4\u00a0\u00a0\u00a0\u00a0\u00a0\u00a0\u00a0\u00a0\u00a0\u00a0\u00a0\u00a0\u00a0\u00a0\u00a0\u00a0\u00a0\u00a0\u00a0\u00a0\u00a0\u00a0\u00a0\u00a0\u00a0\u00a0\u00a0\u00a0\u00a0\u00a0\u00a0\u00a0\u00a0\u00a0\u00a0\u00a0\u00a0\u00a0\u00a0\u00a0\u00a0\u00a0\u00a0\u00a0\u00a0\u00a0\u00a0\u00a0\u00a0\u00a0\u00a0\u00a0\u00a0\u00a0\u00a0\u00a0\u00a0\u00a0\u00a0\u00a0\u00a0\u00a0\u00a0\u00a0\u00a0\u00a0\u00a0\u00a0\u00a0\u00a0\u00a0\u00a0\u00a0\u00a0\u00a0\u00a0\u00a0\u00a0\u00a0\u00a0\u00a0\u00a0\u00a0\u00a0\u00a0\u00a0\u00a0 \u00a0D.Chesky<\/p>\n<p>&#8211;\u2010El Manicero \u00a0 \u00a0 \u00a0 \u00a0 \u00a0 \u00a0 \u00a0 \u00a0 \u00a0 \u00a0 \u00a0 \u00a0 \u00a0 \u00a0 \u00a0 \u00a0 \u00a0 \u00a0 \u00a0 \u00a0 \u00a0 \u00a0 \u00a0 \u00a0 \u00a0Son cubano, arr. Los Perezosos<\/p>\n<p>&#8211;\u2010Record\u00e1me\u00a0\u00a0\u00a0\u00a0\u00a0\u00a0\u00a0\u00a0\u00a0\u00a0\u00a0 \u00a0\u00a0\u00a0\u00a0\u00a0\u00a0\u00a0\u00a0\u00a0\u00a0\u00a0\u00a0\u00a0\u00a0\u00a0\u00a0\u00a0\u00a0\u00a0\u00a0\u00a0\u00a0\u00a0\u00a0\u00a0\u00a0\u00a0\u00a0\u00a0\u00a0\u00a0\u00a0\u00a0\u00a0\u00a0\u00a0\u00a0\u00a0\u00a0\u00a0\u00a0\u00a0\u00a0\u00a0\u00a0\u00a0\u00a0\u00a0\u00a0\u00a0\u00a0\u00a0\u00a0\u00a0\u00a0\u00a0\u00a0\u00a0\u00a0\u00a0\u00a0\u00a0\u00a0\u00a0\u00a0\u00a0\u00a0\u00a0\u00a0Joe Henderson<\/p>\n<p>&#8211;\u2010Saga of Harrison Crabfeathers \u00a0 \u00a0 \u00a0 \u00a0 \u00a0 \u00a0 \u00a0 \u00a0 \u00a0 \u00a0 \u00a0 \u00a0 \u00a0 \u00a0 \u00a0 \u00a0 \u00a0 \u00a0 \u00a0 \u00a0 \u00a0 \u00a0 \u00a0 \u00a0 \u00a0 \u00a0Steve Kuhn<\/p>\n<p>&#8211;\u2010Son de la Loma \u00a0 \u00a0 \u00a0 \u00a0 \u00a0 \u00a0 \u00a0 \u00a0 \u00a0 \u00a0 \u00a0 \u00a0 \u00a0 \u00a0 \u00a0 \u00a0 \u00a0 \u00a0 \u00a0 \u00a0 \u00a0 Son cubano, arr. Los Perezosos<\/p>\n<p>&#8211;\u2010Estudio no.7 \u00a0 \u00a0 \u00a0 \u00a0 \u00a0 \u00a0 \u00a0 \u00a0 \u00a0 \u00a0 \u00a0 \u00a0 \u00a0 \u00a0 \u00a0 \u00a0 \u00a0 \u00a0 \u00a0 \u00a0 \u00a0 \u00a0 \u00a0 \u00a0 \u00a0 \u00a0 \u00a0 \u00a0 \u00a0 \u00a0 \u00a0 \u00a0 \u00a0 \u00a0 \u00a0 \u00a0 \u00a0 \u00a0 \u00a0 \u00a0 \u00a0 \u00a0 \u00a0 \u00a0 D.Chesky<\/p>\n<p>&#8211;\u2010Caminando \u00a0 \u00a0 \u00a0 \u00a0 \u00a0 \u00a0 \u00a0 \u00a0 \u00a0 \u00a0 \u00a0 \u00a0 \u00a0 \u00a0 \u00a0 \u00a0 \u00a0 \u00a0 \u00a0 \u00a0 \u00a0 \u00a0 \u00a0 \u00a0 \u00a0 \u00a0 \u00a0 \u00a0 \u00a0 \u00a0 \u00a0 \u00a0 \u00a0 \u00a0 \u00a0 \u00a0 Cecilia P\u00e9rez Urias<\/p>\n<p>&#8211;\u2010Insensatez \u00a0\u00a0\u00a0\u00a0\u00a0\u00a0\u00a0\u00a0\u00a0\u00a0\u00a0\u00a0\u00a0\u00a0\u00a0\u00a0\u00a0\u00a0\u00a0\u00a0\u00a0\u00a0\u00a0\u00a0\u00a0\u00a0\u00a0\u00a0\u00a0\u00a0\u00a0\u00a0\u00a0\u00a0\u00a0\u00a0\u00a0\u00a0\u00a0\u00a0\u00a0\u00a0\u00a0\u00a0\u00a0\u00a0\u00a0\u00a0\u00a0\u00a0\u00a0\u00a0\u00a0\u00a0\u00a0\u00a0\u00a0\u00a0\u00a0\u00a0\u00a0\u00a0\u00a0\u00a0\u00a0\u00a0\u00a0\u00a0\u00a0\u00a0\u00a0\u00a0\u00a0\u00a0\u00a0\u00a0\u00a0\u00a0\u00a0\u00a0\u00a0\u00a0\u00a0\u00a0\u00a0\u00a0\u00a0\u00a0\u00a0A.C. Jobim<\/p>\n<p>&#8211;\u2010Danzonete\u00a0\u00a0\u00a0\u00a0\u00a0\u00a0\u00a0\u00a0\u00a0\u00a0\u00a0\u00a0\u00a0 \u00a0\u00a0\u00a0\u00a0\u00a0\u00a0\u00a0\u00a0\u00a0\u00a0\u00a0\u00a0\u00a0\u00a0\u00a0\u00a0\u00a0\u00a0\u00a0\u00a0\u00a0\u00a0\u00a0\u00a0\u00a0\u00a0\u00a0\u00a0\u00a0\u00a0\u00a0\u00a0\u00a0\u00a0\u00a0\u00a0\u00a0\u00a0\u00a0\u00a0\u00a0\u00a0\u00a0\u00a0\u00a0\u00a0\u00a0\u00a0\u00a0\u00a0\u00a0\u00a0\u00a0\u00a0\u00a0\u00a0\u00a0\u00a0\u00a0\u00a0\u00a0\u00a0\u00a0\u00a0\u00a0\u00a0\u00a0\u00a0\u00a0\u00a0\u00a0\u00a0\u00a0Diego P\u00e9rez<\/p>\n<p>&#8211;\u2010D\u00fao \u00a0 \u00a0 \u00a0 \u00a0 \u00a0 \u00a0 \u00a0 \u00a0 \u00a0 \u00a0 \u00a0 \u00a0 \u00a0 \u00a0 \u00a0 \u00a0 \u00a0 \u00a0 \u00a0 de la pel\u00edcula Delicatessen, arr. LosPerezosos<\/p>\n<p>&#8211;\u2010Stella by Starlight\u00a0\u00a0\u00a0\u00a0\u00a0\u00a0\u00a0\u00a0\u00a0\u00a0\u00a0\u00a0\u00a0\u00a0\u00a0\u00a0\u00a0\u00a0\u00a0\u00a0\u00a0\u00a0\u00a0\u00a0\u00a0\u00a0\u00a0\u00a0\u00a0\u00a0\u00a0\u00a0\u00a0\u00a0\u00a0\u00a0\u00a0\u00a0\u00a0\u00a0\u00a0\u00a0\u00a0\u00a0\u00a0\u00a0\u00a0\u00a0\u00a0\u00a0\u00a0\u00a0\u00a0\u00a0\u00a0\u00a0\u00a0\u00a0\u00a0 \u00a0\u00a0\u00a0\u00a0\u00a0\u00a0\u00a0\u00a0\u00a0\u00a0\u00a0\u00a0V\u00edctor Young<\/p>\n<p>Cecilia P\u00e9rez \u2013 violonchelo<br \/>\nDiego P\u00e9rez \u2013 contrabajo<br \/>\nRodolfo Ocampo \u2013 bater\u00eda<br \/>\nArturo Galv\u00e1n \u2013 guitarra<\/p>\n<p><strong>Entrada libre. Cupo limitado.<\/strong><\/p>\n<p><strong>Una vez iniciado el concierto no se permitir\u00e1 la entrada hasta la primera pausa. <\/strong><\/p>\n<p><strong>Opus 94 invita.<\/strong><\/p>\n","protected":false},"excerpt":{"rendered":"<p>\u201cConciertos Radiof\u00f3nicos\u201d concluye el mes de marzo presentando al tr\u00edo \u201cLos Perezosos\u201d: violonchelo, contrabajo y bater\u00eda y&#8230;un \u00a0guitarrista invitado. Fusi\u00f3n de Son cubano, jazz, m\u00fasica cl\u00e1sica y bolero con arreglos propios as\u00ed como con obras originales del estadounidense David Chesky. Lunes 30 de marzo a partir de las 17:00 horas\u00a0en el\u00a0Estudio A del IMER, calle&hellip;<\/p>\n","protected":false},"author":6,"featured_media":0,"comment_status":"closed","ping_status":"closed","sticky":false,"template":"","format":"standard","meta":{"wp_popup_display_lightbox":0,"wp_popup_suppress":"","wp_popup_trigger":"","wp_popup_trigger_amount":0,"wp_popup_disable_on_mobile":false,"footnotes":""},"categories":[9],"tags":[],"class_list":["post-7646","post","type-post","status-publish","format-standard","hentry","category-sesiones-opus","category-9","description-off"],"_links":{"self":[{"href":"https:\/\/www.imer.mx\/opus\/wp-json\/wp\/v2\/posts\/7646","targetHints":{"allow":["GET"]}}],"collection":[{"href":"https:\/\/www.imer.mx\/opus\/wp-json\/wp\/v2\/posts"}],"about":[{"href":"https:\/\/www.imer.mx\/opus\/wp-json\/wp\/v2\/types\/post"}],"author":[{"embeddable":true,"href":"https:\/\/www.imer.mx\/opus\/wp-json\/wp\/v2\/users\/6"}],"replies":[{"embeddable":true,"href":"https:\/\/www.imer.mx\/opus\/wp-json\/wp\/v2\/comments?post=7646"}],"version-history":[{"count":0,"href":"https:\/\/www.imer.mx\/opus\/wp-json\/wp\/v2\/posts\/7646\/revisions"}],"wp:attachment":[{"href":"https:\/\/www.imer.mx\/opus\/wp-json\/wp\/v2\/media?parent=7646"}],"wp:term":[{"taxonomy":"category","embeddable":true,"href":"https:\/\/www.imer.mx\/opus\/wp-json\/wp\/v2\/categories?post=7646"},{"taxonomy":"post_tag","embeddable":true,"href":"https:\/\/www.imer.mx\/opus\/wp-json\/wp\/v2\/tags?post=7646"}],"curies":[{"name":"wp","href":"https:\/\/api.w.org\/{rel}","templated":true}]}}