{"id":7567,"date":"2015-03-02T20:00:38","date_gmt":"2015-03-03T02:00:38","guid":{"rendered":"http:\/\/www.imer.mx\/opus\/?p=7567"},"modified":"2016-06-08T14:29:45","modified_gmt":"2016-06-08T19:29:45","slug":"conciertos-radiofonicos-lunes-9-de-marzo-1700-hrs-mozart-scriabin-schumann-los-colores-de-la-musica-armando-merino-piano","status":"publish","type":"post","link":"https:\/\/www.imer.mx\/opus\/conciertos-radiofonicos-lunes-9-de-marzo-1700-hrs-mozart-scriabin-schumann-los-colores-de-la-musica-armando-merino-piano\/","title":{"rendered":"Conciertos radiof\u00f3nicos. Lunes 9 de marzo 17:00 hrs. Mozart, Scriabin, Schumann: los colores de la m\u00fasica. Armando Merino, piano."},"content":{"rendered":"<div id=\"attachment_7568\" style=\"width: 854px\" class=\"wp-caption aligncenter\"><a href=\"https:\/\/www.imer.mx\/opus\/wp-content\/uploads\/sites\/13\/Mozart-Scriabin-Schumann-Merino.jpg\"><img loading=\"lazy\" decoding=\"async\" aria-describedby=\"caption-attachment-7568\" class=\"wp-image-7568 \" src=\"https:\/\/www.imer.mx\/opus\/wp-content\/uploads\/sites\/13\/Mozart-Scriabin-Schumann-Merino-1024x758.jpg\" alt=\"Mozart-Scriabin-Schumann-Merino\" width=\"844\" height=\"625\" srcset=\"https:\/\/www.imer.mx\/opus\/wp-content\/uploads\/sites\/13\/Mozart-Scriabin-Schumann-Merino-1024x758.jpg 1024w, https:\/\/www.imer.mx\/opus\/wp-content\/uploads\/sites\/13\/Mozart-Scriabin-Schumann-Merino-300x222.jpg 300w, https:\/\/www.imer.mx\/opus\/wp-content\/uploads\/sites\/13\/Mozart-Scriabin-Schumann-Merino.jpg 1196w\" sizes=\"auto, (max-width: 844px) 100vw, 844px\" \/><\/a><p id=\"caption-attachment-7568\" class=\"wp-caption-text\">Arriba: Mozart, Scriabin y Schumann. Abajo: Alejandro Merino<\/p><\/div>\n<p>&nbsp;<\/p>\n<p><strong>\u201cConciertos Radiof\u00f3nicos\u201d<\/strong> contin\u00faa el mes de marzo presentando al pianista Armando Merino, quien tocar\u00e1 el recital <strong><em>Mozart, Scriabin, Schumann: los colores de la m\u00fasica. <\/em><\/strong><\/p>\n<p>Asista este <strong>lunes 9 de marzo <\/strong>a partir de las 17:00 horas\u00a0en el\u00a0<strong>Estudio A <\/strong>del IMER: calle Mayorazgo no.83 col. Xoco.\u00a0 Confirme su asistencia a los tel\u00e9fonos\u00a0<strong>5628-1717 y 5604-8124, <\/strong>o bien esc\u00fachenos en vivo por el <strong>\u00a094.5 de FM.<\/strong><\/p>\n<p><strong>Entrada libre. Cupo limitado.<\/strong><\/p>\n<p><em><strong>Una vez iniciado el concierto no se permitir\u00e1 la entrada hasta la primera pausa.<\/strong><\/em><\/p>\n<p>Programa<\/p>\n<p><strong>Wolfgang A. Mozart<\/strong> (1756-1791)<\/p>\n<p>Sonata en re mayor K 311<\/p>\n<p><em>Allegro con Spirito<\/em><\/p>\n<p><em>Andante con espressione<\/em><\/p>\n<p><em>Rondeau-Allegro<\/em><\/p>\n<p><strong>Alexander Scriabin <\/strong>(1872-1915)<\/p>\n<p>Dos nocturnos op. 5<\/p>\n<p>N\u00fam. 1 en fa sostenido menor<\/p>\n<p>N\u00fam. 2 en la mayor<\/p>\n<p>Dos Estudios op.8<\/p>\n<p>N\u00fam. 5 en mi mayor<\/p>\n<p>N\u00fam. 12 en re sostenido menor<\/p>\n<p>&nbsp;<\/p>\n<p>Intermedio<\/p>\n<p>&nbsp;<\/p>\n<p><strong>Robert Schumann <\/strong>(1810-1856)<\/p>\n<p><em>Carnaval <\/em>op. 9 <em>Escenas pintorescas sobre cuatro notas:<\/em><\/p>\n<p><em>Pre\u00e1mbulo,\u00a0<\/em><em>Pierrot,\u00a0<\/em><em>Arlequ\u00edn,<\/em><em>Vals noble,\u00a0<\/em><em>Eusebius,\u00a0<\/em><em>Florestan,\u00a0<\/em><em>Coquette,\u00a0<\/em><em>R\u00e9plica,\u00a0<\/em><em>Mariposas,\u00a0<\/em><em>A.S.C.H.-S.C.H.A (Letras bailarinas),\u00a0<\/em><em>Chiarina,\u00a0<\/em><em>Chopin,\u00a0<\/em><em>Estrella,\u00a0<\/em><em>Reconocimiento,\u00a0<\/em><em>Pantal\u00f3n y Colombina,\u00a0<\/em><em>Vals alem\u00e1n,\u00a0<\/em><em>Paganini,\u00a0<\/em><em>Confesi\u00f3n,\u00a0<\/em><em>Paseo,\u00a0<\/em><em>Pausa y\u00a0<\/em><em>Marcha de los secuaces de David contra los filisteos<\/em><\/p>\n<p>&nbsp;<\/p>\n","protected":false},"excerpt":{"rendered":"<p>&nbsp; \u201cConciertos Radiof\u00f3nicos\u201d contin\u00faa el mes de marzo presentando al pianista Armando Merino, quien tocar\u00e1 el recital Mozart, Scriabin, Schumann: los colores de la m\u00fasica. Asista este lunes 9 de marzo a partir de las 17:00 horas\u00a0en el\u00a0Estudio A del IMER: calle Mayorazgo no.83 col. Xoco.\u00a0 Confirme su asistencia a los tel\u00e9fonos\u00a05628-1717 y 5604-8124, o&hellip;<\/p>\n","protected":false},"author":6,"featured_media":0,"comment_status":"closed","ping_status":"closed","sticky":false,"template":"","format":"standard","meta":{"wp_popup_display_lightbox":0,"wp_popup_suppress":"","wp_popup_trigger":"","wp_popup_trigger_amount":0,"wp_popup_disable_on_mobile":false,"footnotes":""},"categories":[9],"tags":[],"class_list":["post-7567","post","type-post","status-publish","format-standard","hentry","category-sesiones-opus","category-9","description-off"],"_links":{"self":[{"href":"https:\/\/www.imer.mx\/opus\/wp-json\/wp\/v2\/posts\/7567","targetHints":{"allow":["GET"]}}],"collection":[{"href":"https:\/\/www.imer.mx\/opus\/wp-json\/wp\/v2\/posts"}],"about":[{"href":"https:\/\/www.imer.mx\/opus\/wp-json\/wp\/v2\/types\/post"}],"author":[{"embeddable":true,"href":"https:\/\/www.imer.mx\/opus\/wp-json\/wp\/v2\/users\/6"}],"replies":[{"embeddable":true,"href":"https:\/\/www.imer.mx\/opus\/wp-json\/wp\/v2\/comments?post=7567"}],"version-history":[{"count":0,"href":"https:\/\/www.imer.mx\/opus\/wp-json\/wp\/v2\/posts\/7567\/revisions"}],"wp:attachment":[{"href":"https:\/\/www.imer.mx\/opus\/wp-json\/wp\/v2\/media?parent=7567"}],"wp:term":[{"taxonomy":"category","embeddable":true,"href":"https:\/\/www.imer.mx\/opus\/wp-json\/wp\/v2\/categories?post=7567"},{"taxonomy":"post_tag","embeddable":true,"href":"https:\/\/www.imer.mx\/opus\/wp-json\/wp\/v2\/tags?post=7567"}],"curies":[{"name":"wp","href":"https:\/\/api.w.org\/{rel}","templated":true}]}}