{"id":7387,"date":"2015-01-12T14:57:00","date_gmt":"2015-01-12T20:57:00","guid":{"rendered":"http:\/\/www.imer.mx\/opus\/?p=7387"},"modified":"2016-06-08T14:37:38","modified_gmt":"2016-06-08T19:37:38","slug":"conciertos-radiofonicos-recital-de-acordeon-clasico-con-antonio-barberena-lunes-19-de-enero-1700-horas-estudio-a-del-imer","status":"publish","type":"post","link":"https:\/\/www.imer.mx\/opus\/conciertos-radiofonicos-recital-de-acordeon-clasico-con-antonio-barberena-lunes-19-de-enero-1700-horas-estudio-a-del-imer\/","title":{"rendered":"Conciertos radiof\u00f3nicos. Recital de acorde\u00f3n cl\u00e1sico con Antonio Barberena. Lunes 19 de enero  17:00 horas. Estudio A del IMER"},"content":{"rendered":"<div id=\"attachment_7388\" style=\"width: 794px\" class=\"wp-caption aligncenter\"><a href=\"https:\/\/www.imer.mx\/opus\/wp-content\/uploads\/sites\/13\/barbbot.jpg\"><img loading=\"lazy\" decoding=\"async\" aria-describedby=\"caption-attachment-7388\" class=\"wp-image-7388 \" src=\"https:\/\/www.imer.mx\/opus\/wp-content\/uploads\/sites\/13\/barbbot.jpg\" alt=\"Barberena\" width=\"784\" height=\"500\" srcset=\"https:\/\/www.imer.mx\/opus\/wp-content\/uploads\/sites\/13\/barbbot.jpg 1974w, https:\/\/www.imer.mx\/opus\/wp-content\/uploads\/sites\/13\/barbbot-300x191.jpg 300w, https:\/\/www.imer.mx\/opus\/wp-content\/uploads\/sites\/13\/barbbot-1024x654.jpg 1024w\" sizes=\"auto, (max-width: 784px) 100vw, 784px\" \/><\/a><p id=\"caption-attachment-7388\" class=\"wp-caption-text\">Antonio Barberena<\/p><\/div>\n<p>&nbsp;<\/p>\n<p><strong>\u201cConciertos Radiof\u00f3nicos\u201d<\/strong> presenta en el mes de enero, al acordeonista <strong>Antonio Barberena<\/strong> con un recital de m\u00fasica de concierto conformado por obras originales y transcripciones de autores como <strong>Sanz, Mozart, Piazzolla, Pereira y M\u00e1rquez,<\/strong> entre otros. Lo esperamos este <strong>lunes 19 de enero <\/strong>a partir de las 17:00 horas\u00a0en el\u00a0<strong>Estudio A del IMER<\/strong>.\u00a0 Confirme su asistencia a los tel\u00e9fonos\u00a0<strong>5628-1717 y 5604-8124, <\/strong>o bien esc\u00fachenos en<strong> el 94.5 FM.<\/strong><\/p>\n<p>Programa:<\/p>\n<p><strong>\u00a0<\/strong><\/p>\n<ul>\n<li>Peque\u00f1a serenata nocturna \u00a0 \u00a0 \u00a0 \u00a0 \u00a0 \u00a0 \u00a0 \u00a0 \u00a0 \u00a0 \u00a0 \u00a0 \u00a0 \u00a0 \u00a0 \u00a0 \u00a0Wolfgang Amadeus Mozart:<\/li>\n<\/ul>\n<p>1er. movimiento: Allegro<\/p>\n<ul>\n<li>Jes\u00fas, alegr\u00eda de los hombres\u00a0\u00a0\u00a0\u00a0\u00a0\u00a0\u00a0\u00a0\u00a0\u00a0\u00a0 \u00a0\u00a0\u00a0\u00a0\u00a0\u00a0\u00a0\u00a0\u00a0\u00a0\u00a0\u00a0\u00a0\u00a0\u00a0\u00a0\u00a0 Johann Sebastian Bach<\/li>\n<\/ul>\n<p>&nbsp;<\/p>\n<p>3 piezas virreinales:<\/p>\n<ul>\n<li>Fandango \u00a0 \u00a0 \u00a0 \u00a0 \u00a0 \u00a0 \u00a0 \u00a0 \u00a0 \u00a0 \u00a0 \u00a0 \u00a0 \u00a0 \u00a0 \u00a0 \u00a0 \u00a0 \u00a0 \u00a0 \u00a0 \u00a0 \u00a0 \u00a0 \u00a0 \u00a0 \u00a0 \u00a0 \u00a0 \u00a0 \u00a0 \u00a0 \u00a0 Santiago de Murcia<\/li>\n<li>Zarambeques \u00a0 \u00a0 \u00a0 \u00a0 \u00a0 \u00a0 \u00a0 \u00a0 \u00a0 \u00a0 \u00a0 \u00a0 \u00a0 \u00a0 \u00a0 \u00a0 \u00a0 \u00a0 \u00a0 \u00a0 \u00a0 \u00a0 \u00a0 \u00a0 \u00a0 \u00a0 \u00a0 \u00a0 \u00a0 \u00a0Santiago de Murcia<\/li>\n<li>Canario \u00a0 \u00a0 \u00a0 \u00a0 \u00a0 \u00a0 \u00a0 \u00a0 \u00a0 \u00a0 \u00a0 \u00a0 \u00a0 \u00a0 \u00a0 \u00a0 \u00a0 \u00a0 \u00a0 \u00a0 \u00a0 \u00a0 \u00a0 \u00a0 \u00a0 \u00a0 \u00a0 \u00a0 \u00a0 \u00a0 \u00a0 \u00a0 \u00a0 \u00a0 \u00a0Gaspar Sanz<\/li>\n<\/ul>\n<p>&nbsp;<\/p>\n<ul>\n<li>Preludio op. 31 \u00a0 \u00a0 \u00a0 \u00a0 \u00a0 \u00a0 \u00a0 \u00a0 \u00a0 \u00a0 \u00a0 \u00a0 \u00a0 \u00a0 \u00a0 \u00a0 \u00a0 \u00a0 \u00a0 \u00a0 \u00a0 \u00a0 \u00a0 \u00a0 \u00a0 \u00a0 \u00a0 \u00a0 Adamo Volpi<\/li>\n<\/ul>\n<ul>\n<li>The Countess Cathleen \u00a0 \u00a0 \u00a0 \u00a0 \u00a0 \u00a0 \u00a0 \u00a0 \u00a0 \u00a0 \u00a0 \u00a0 \u00a0 \u00a0 \u00a0 \u00a0 \u00a0 \u00a0 \u00a0 \u00a0 \u00a0Bill Whelan<\/li>\n<li>Suite Bulgare \u00a0 \u00a0 \u00a0 \u00a0 \u00a0 \u00a0 \u00a0 \u00a0 \u00a0 \u00a0 \u00a0 \u00a0 \u00a0 \u00a0 \u00a0 \u00a0 \u00a0 \u00a0 \u00a0 \u00a0 \u00a0 \u00a0 \u00a0 \u00a0 \u00a0 \u00a0 \u00a0 \u00a0 \u00a0 Gwenael Micault<\/li>\n<\/ul>\n<ul>\n<li>Adi\u00f3s Nonino \/ Libertango \u00a0 \u00a0 \u00a0 \u00a0 \u00a0 \u00a0 \u00a0 \u00a0 \u00a0 \u00a0 \u00a0 \u00a0 \u00a0 \u00a0 \u00a0 \u00a0 \u00a0Astor Piazzolla<\/li>\n<li>Bate Coxa \u00a0 \u00a0 \u00a0 \u00a0 \u00a0 \u00a0 \u00a0 \u00a0 \u00a0 \u00a0 \u00a0 \u00a0 \u00a0 \u00a0 \u00a0 \u00a0 \u00a0 \u00a0 \u00a0 \u00a0 \u00a0 \u00a0 \u00a0 \u00a0 \u00a0 \u00a0 \u00a0 \u00a0 \u00a0 \u00a0 \u00a0 \u00a0 Marco Pereira<\/li>\n<li>La Vals a Margaux \u00a0 \u00a0 \u00a0 \u00a0 \u00a0 \u00a0 \u00a0 \u00a0 \u00a0 \u00a0 \u00a0 \u00a0 \u00a0 \u00a0 \u00a0 \u00a0 \u00a0 \u00a0 \u00a0 \u00a0 \u00a0 \u00a0 \u00a0 \u00a0 Richard Galliano<\/li>\n<li>Evangelina \u00a0 \u00a0 \u00a0 \u00a0 \u00a0 \u00a0 \u00a0 \u00a0 \u00a0 \u00a0 \u00a0 \u00a0 \u00a0 \u00a0 \u00a0 \u00a0 \u00a0 \u00a0 \u00a0 \u00a0 \u00a0 \u00a0 \u00a0 \u00a0 \u00a0 \u00a0 \u00a0 \u00a0 \u00a0 \u00a0 \u00a0 Antonio Tanguma \/ arr. Barberena<\/li>\n<\/ul>\n<ul>\n<li>Danz\u00f3n No.2 \u00a0 \u00a0 \u00a0 \u00a0 \u00a0 \u00a0 \u00a0 \u00a0 \u00a0 \u00a0 \u00a0 \u00a0 \u00a0 \u00a0 \u00a0 \u00a0 \u00a0 \u00a0 \u00a0 \u00a0 \u00a0 \u00a0 \u00a0 \u00a0 \u00a0 \u00a0 \u00a0 \u00a0 \u00a0 Arturo M\u00e1rquez<\/li>\n<\/ul>\n<p>&nbsp;<\/p>\n<p>&nbsp;<\/p>\n<p>Nuestra Direcci\u00f3n:\u00a0<strong>Mayorazgo no.83 col. Xoco. Entrada libre. Cupo limitado.<\/strong><\/p>\n<p><strong>Una vez iniciado el concierto no se permitir\u00e1 la entrada hasta la primera pausa. <\/strong><\/p>\n","protected":false},"excerpt":{"rendered":"<p>&nbsp; \u201cConciertos Radiof\u00f3nicos\u201d presenta en el mes de enero, al acordeonista Antonio Barberena con un recital de m\u00fasica de concierto conformado por obras originales y transcripciones de autores como Sanz, Mozart, Piazzolla, Pereira y M\u00e1rquez, entre otros. Lo esperamos este lunes 19 de enero a partir de las 17:00 horas\u00a0en el\u00a0Estudio A del IMER.\u00a0 Confirme&hellip;<\/p>\n","protected":false},"author":6,"featured_media":0,"comment_status":"closed","ping_status":"closed","sticky":false,"template":"","format":"standard","meta":{"wp_popup_display_lightbox":0,"wp_popup_suppress":"","wp_popup_trigger":"","wp_popup_trigger_amount":0,"wp_popup_disable_on_mobile":false,"footnotes":""},"categories":[9],"tags":[],"class_list":["post-7387","post","type-post","status-publish","format-standard","hentry","category-sesiones-opus","category-9","description-off"],"_links":{"self":[{"href":"https:\/\/www.imer.mx\/opus\/wp-json\/wp\/v2\/posts\/7387","targetHints":{"allow":["GET"]}}],"collection":[{"href":"https:\/\/www.imer.mx\/opus\/wp-json\/wp\/v2\/posts"}],"about":[{"href":"https:\/\/www.imer.mx\/opus\/wp-json\/wp\/v2\/types\/post"}],"author":[{"embeddable":true,"href":"https:\/\/www.imer.mx\/opus\/wp-json\/wp\/v2\/users\/6"}],"replies":[{"embeddable":true,"href":"https:\/\/www.imer.mx\/opus\/wp-json\/wp\/v2\/comments?post=7387"}],"version-history":[{"count":0,"href":"https:\/\/www.imer.mx\/opus\/wp-json\/wp\/v2\/posts\/7387\/revisions"}],"wp:attachment":[{"href":"https:\/\/www.imer.mx\/opus\/wp-json\/wp\/v2\/media?parent=7387"}],"wp:term":[{"taxonomy":"category","embeddable":true,"href":"https:\/\/www.imer.mx\/opus\/wp-json\/wp\/v2\/categories?post=7387"},{"taxonomy":"post_tag","embeddable":true,"href":"https:\/\/www.imer.mx\/opus\/wp-json\/wp\/v2\/tags?post=7387"}],"curies":[{"name":"wp","href":"https:\/\/api.w.org\/{rel}","templated":true}]}}