{"id":7061,"date":"2014-10-18T12:11:47","date_gmt":"2014-10-18T17:11:47","guid":{"rendered":"http:\/\/www.imer.mx\/opus\/?p=7061"},"modified":"2016-06-08T14:38:24","modified_gmt":"2016-06-08T19:38:24","slug":"conciertos-radiofonicos-estudio-a-del-imer-lunes-20-de-octubre-1700-horas-guitarrista-felipe-fonseca-recital-de-autores-de-los-siglos-xix-y-xx","status":"publish","type":"post","link":"https:\/\/www.imer.mx\/opus\/conciertos-radiofonicos-estudio-a-del-imer-lunes-20-de-octubre-1700-horas-guitarrista-felipe-fonseca-recital-de-autores-de-los-siglos-xix-y-xx\/","title":{"rendered":"Conciertos Radiof\u00f3nicos. Estudio A del IMER. Lunes 20 de octubre 17:00 horas. Guitarrista Felipe Fonseca. Recital de autores de los siglos XIX y XX"},"content":{"rendered":"<div id=\"attachment_7062\" style=\"width: 685px\" class=\"wp-caption aligncenter\"><a href=\"https:\/\/www.imer.mx\/opus\/wp-content\/uploads\/sites\/13\/Felipe-Fonseca.jpg\"><img loading=\"lazy\" decoding=\"async\" aria-describedby=\"caption-attachment-7062\" class=\"wp-image-7062 \" src=\"https:\/\/www.imer.mx\/opus\/wp-content\/uploads\/sites\/13\/Felipe-Fonseca-1024x741.jpg\" alt=\"Felipe Fonseca\" width=\"675\" height=\"489\" srcset=\"https:\/\/www.imer.mx\/opus\/wp-content\/uploads\/sites\/13\/Felipe-Fonseca-1024x741.jpg 1024w, https:\/\/www.imer.mx\/opus\/wp-content\/uploads\/sites\/13\/Felipe-Fonseca-300x217.jpg 300w, https:\/\/www.imer.mx\/opus\/wp-content\/uploads\/sites\/13\/Felipe-Fonseca.jpg 1745w\" sizes=\"auto, (max-width: 675px) 100vw, 675px\" \/><\/a><p id=\"caption-attachment-7062\" class=\"wp-caption-text\">Felipe Fonseca<\/p><\/div>\n<p><strong>\u201cConciertos Radiof\u00f3nicos\u201d<\/strong> concluye sus conciertos del mes de octubre con la participaci\u00f3n del guitarrista <strong>Felipe Fonseca<\/strong>, quien interpretar\u00e1 m\u00fasica de los siglos XIX y XX de autores como <strong>Mertz, Moreno Torroba, York, Iannarelli, Brower, Mangor\u00e9 y Rodrigo<\/strong>. Lo esperamos este <strong>lunes 20 de octubre <\/strong>a partir de las 17:00 horas\u00a0en el\u00a0<strong>Estudio A del IMER<\/strong>.\u00a0 Confirme su asistencia a los tel\u00e9fonos\u00a0<strong>5628-1717 y 5604-8124, <\/strong>o bien esc\u00fachenos en<strong> el 94.5 FM.<\/strong><\/p>\n<p>Nuestra Direcci\u00f3n:\u00a0<strong>Mayorazgo no.83 col. Xoco. Entrada libre. Cupo limitado.<\/strong><\/p>\n<p><strong><em>Una vez iniciado el concierto no se permitir\u00e1 la entrada hasta la primera pausa. <\/em><\/strong><\/p>\n","protected":false},"excerpt":{"rendered":"<p>\u201cConciertos Radiof\u00f3nicos\u201d concluye sus conciertos del mes de octubre con la participaci\u00f3n del guitarrista Felipe Fonseca, quien interpretar\u00e1 m\u00fasica de los siglos XIX y XX de autores como Mertz, Moreno Torroba, York, Iannarelli, Brower, Mangor\u00e9 y Rodrigo. Lo esperamos este lunes 20 de octubre a partir de las 17:00 horas\u00a0en el\u00a0Estudio A del IMER.\u00a0 Confirme&hellip;<\/p>\n","protected":false},"author":6,"featured_media":0,"comment_status":"closed","ping_status":"closed","sticky":false,"template":"","format":"standard","meta":{"wp_popup_display_lightbox":0,"wp_popup_suppress":"","wp_popup_trigger":"","wp_popup_trigger_amount":0,"wp_popup_disable_on_mobile":false,"footnotes":""},"categories":[9],"tags":[],"class_list":["post-7061","post","type-post","status-publish","format-standard","hentry","category-sesiones-opus","category-9","description-off"],"_links":{"self":[{"href":"https:\/\/www.imer.mx\/opus\/wp-json\/wp\/v2\/posts\/7061","targetHints":{"allow":["GET"]}}],"collection":[{"href":"https:\/\/www.imer.mx\/opus\/wp-json\/wp\/v2\/posts"}],"about":[{"href":"https:\/\/www.imer.mx\/opus\/wp-json\/wp\/v2\/types\/post"}],"author":[{"embeddable":true,"href":"https:\/\/www.imer.mx\/opus\/wp-json\/wp\/v2\/users\/6"}],"replies":[{"embeddable":true,"href":"https:\/\/www.imer.mx\/opus\/wp-json\/wp\/v2\/comments?post=7061"}],"version-history":[{"count":0,"href":"https:\/\/www.imer.mx\/opus\/wp-json\/wp\/v2\/posts\/7061\/revisions"}],"wp:attachment":[{"href":"https:\/\/www.imer.mx\/opus\/wp-json\/wp\/v2\/media?parent=7061"}],"wp:term":[{"taxonomy":"category","embeddable":true,"href":"https:\/\/www.imer.mx\/opus\/wp-json\/wp\/v2\/categories?post=7061"},{"taxonomy":"post_tag","embeddable":true,"href":"https:\/\/www.imer.mx\/opus\/wp-json\/wp\/v2\/tags?post=7061"}],"curies":[{"name":"wp","href":"https:\/\/api.w.org\/{rel}","templated":true}]}}