{"id":6872,"date":"2014-09-06T00:15:17","date_gmt":"2014-09-06T05:15:17","guid":{"rendered":"http:\/\/www.imer.mx\/opus\/?p=6872"},"modified":"2016-06-08T14:39:24","modified_gmt":"2016-06-08T19:39:24","slug":"conciertos-radiofonicos-recital-de-fagot-solo-con-el-mtro-juan-carlos-villasenor-musica-de-alemania-y-mexico-lunes-8-de-septiembre-1700-horas-estudio-a-del-imer","status":"publish","type":"post","link":"https:\/\/www.imer.mx\/opus\/conciertos-radiofonicos-recital-de-fagot-solo-con-el-mtro-juan-carlos-villasenor-musica-de-alemania-y-mexico-lunes-8-de-septiembre-1700-horas-estudio-a-del-imer\/","title":{"rendered":"Conciertos Radiof\u00f3nicos. Recital de fagot solo con el Mtro. Juan Carlos Villase\u00f1or. M\u00fasica de Alemania y M\u00e9xico. Lunes 8 de septiembre 17:00 horas. Estudio &#8220;A&#8221; del IMER."},"content":{"rendered":"<div id=\"attachment_6873\" style=\"width: 710px\" class=\"wp-caption aligncenter\"><a href=\"https:\/\/www.imer.mx\/opus\/wp-content\/uploads\/sites\/13\/fagotti-due.jpg\"><img loading=\"lazy\" decoding=\"async\" aria-describedby=\"caption-attachment-6873\" class=\"wp-image-6873 size-full\" src=\"https:\/\/www.imer.mx\/opus\/wp-content\/uploads\/sites\/13\/fagotti-due.jpg\" alt=\"fagotti \" width=\"700\" height=\"505\" srcset=\"https:\/\/www.imer.mx\/opus\/wp-content\/uploads\/sites\/13\/fagotti-due.jpg 700w, https:\/\/www.imer.mx\/opus\/wp-content\/uploads\/sites\/13\/fagotti-due-300x216.jpg 300w\" sizes=\"auto, (max-width: 700px) 100vw, 700px\" \/><\/a><p id=\"caption-attachment-6873\" class=\"wp-caption-text\">Juan Carlos Villase\u00f1or, fagot<\/p><\/div>\n<p>En <strong>\u201cConciertos Radiof\u00f3nicos\u201d<\/strong> de septiembre tendremos la presentaci\u00f3n del fagotista <strong>Juan Carlos Villase\u00f1or<\/strong>, quien ofrecer\u00e1 un recital con la <strong>Suite no.5 BWV 1011 de Johann Sebastian Bach<\/strong>, <strong>\u201cSendas de una ciudad perdida\u201d de Sergio Berlioz<\/strong> y <strong>Canciones Del Acervo Antiguo de la Banda Del Estado de Guanajuato<\/strong>. <strong>Lunes 8 de septiembre <\/strong>a partir de las 17:00 horas\u00a0en el\u00a0<strong>Estudio A del IMER<\/strong>.\u00a0 Confirme su asistencia a los tel\u00e9fonos\u00a0<strong>5628-1717 y 5604-8124, <\/strong>o bien esc\u00fachenos en<strong> el 94.5 FM.<\/strong><\/p>\n<p><strong>Johan Sebastian Bach<\/strong>, Suite No V BWV 1011*<\/p>\n<p>o Pr\u00e9lude<\/p>\n<p>o Allemande<\/p>\n<p>o Sarabande<\/p>\n<p>o Gavotte I y II<\/p>\n<p>o Guigue<\/p>\n<p>&nbsp;<\/p>\n<p><strong>Intermedio <\/strong><\/p>\n<p>&nbsp;<\/p>\n<p><strong>Sergio Berlioz<\/strong>, Sendas de una Ciudad Perdida, Fantas\u00eda para fagot solo (escrita para Juan Carlos Villase\u00f1or)**<\/p>\n<p>&nbsp;<\/p>\n<p><strong>An\u00f3nimo<\/strong>, Canciones Del Acervo Antiguo de la Banda Del Estado de Guanajuato (*) ***<\/p>\n<p>o Quejas de amor<\/p>\n<p>o Aurelia<\/p>\n<p>o Cascada de perla<\/p>\n<p>o Amor de&#8230;<\/p>\n<p>o Cantadita para la caba\u00f1a<\/p>\n<p>o Apaseo<\/p>\n<p>&nbsp;<\/p>\n<p>* Arreglo para fagot de Juan Carlos Villase\u00f1or.<\/p>\n<p>** Estreno mundial.<\/p>\n<p>***Sacado del Cat\u00e1logo de Obras del Archivo Musical de la Banda Sinf\u00f3nica del Estado de Guanajuato Acervo Antiguo. (AMBSEGAA) publicado en 2013 Instituto Estatal de la Cultura del Estado de Guanajuato Centro de las Artes de Guanajuato Sistema de Fomento Musical del Estado de Guanajuato.<\/p>\n<p>&nbsp;<\/p>\n<p>Nuestra Direcci\u00f3n:\u00a0<strong>Mayorazgo no.83 col. Xoco. Entrada libre. Cupo limitado.<\/strong><\/p>\n<p><strong><em>Una vez iniciado el concierto no se permitir\u00e1 la entrada hasta la primera pausa.<\/em><\/strong><\/p>\n<p>Conducci\u00f3n de Terry guerrero. Producci\u00f3n de Arturo Ar\u00e9valo y Jorge Pi\u00f1a.<\/p>\n","protected":false},"excerpt":{"rendered":"<p>En \u201cConciertos Radiof\u00f3nicos\u201d de septiembre tendremos la presentaci\u00f3n del fagotista Juan Carlos Villase\u00f1or, quien ofrecer\u00e1 un recital con la Suite no.5 BWV 1011 de Johann Sebastian Bach, \u201cSendas de una ciudad perdida\u201d de Sergio Berlioz y Canciones Del Acervo Antiguo de la Banda Del Estado de Guanajuato. Lunes 8 de septiembre a partir de las&hellip;<\/p>\n","protected":false},"author":6,"featured_media":0,"comment_status":"closed","ping_status":"closed","sticky":false,"template":"","format":"standard","meta":{"wp_popup_display_lightbox":0,"wp_popup_suppress":"","wp_popup_trigger":"","wp_popup_trigger_amount":0,"wp_popup_disable_on_mobile":false,"footnotes":""},"categories":[9],"tags":[],"class_list":["post-6872","post","type-post","status-publish","format-standard","hentry","category-sesiones-opus","category-9","description-off"],"_links":{"self":[{"href":"https:\/\/www.imer.mx\/opus\/wp-json\/wp\/v2\/posts\/6872","targetHints":{"allow":["GET"]}}],"collection":[{"href":"https:\/\/www.imer.mx\/opus\/wp-json\/wp\/v2\/posts"}],"about":[{"href":"https:\/\/www.imer.mx\/opus\/wp-json\/wp\/v2\/types\/post"}],"author":[{"embeddable":true,"href":"https:\/\/www.imer.mx\/opus\/wp-json\/wp\/v2\/users\/6"}],"replies":[{"embeddable":true,"href":"https:\/\/www.imer.mx\/opus\/wp-json\/wp\/v2\/comments?post=6872"}],"version-history":[{"count":0,"href":"https:\/\/www.imer.mx\/opus\/wp-json\/wp\/v2\/posts\/6872\/revisions"}],"wp:attachment":[{"href":"https:\/\/www.imer.mx\/opus\/wp-json\/wp\/v2\/media?parent=6872"}],"wp:term":[{"taxonomy":"category","embeddable":true,"href":"https:\/\/www.imer.mx\/opus\/wp-json\/wp\/v2\/categories?post=6872"},{"taxonomy":"post_tag","embeddable":true,"href":"https:\/\/www.imer.mx\/opus\/wp-json\/wp\/v2\/tags?post=6872"}],"curies":[{"name":"wp","href":"https:\/\/api.w.org\/{rel}","templated":true}]}}