{"id":6795,"date":"2014-08-20T11:49:16","date_gmt":"2014-08-20T16:49:16","guid":{"rendered":"http:\/\/www.imer.mx\/opus\/?p=6795"},"modified":"2016-06-08T14:49:39","modified_gmt":"2016-06-08T19:49:39","slug":"conciertos-radiofonicos-dhyana-arom-soprano-y-esteban-leon-piano-recital-de-lieder-y-canciones-de-ricardo-castro-gustavo-e-campa-y-richard-strauss-lunes-25-de-agosto-1700-horas-estudio-a-del","status":"publish","type":"post","link":"https:\/\/www.imer.mx\/opus\/conciertos-radiofonicos-dhyana-arom-soprano-y-esteban-leon-piano-recital-de-lieder-y-canciones-de-ricardo-castro-gustavo-e-campa-y-richard-strauss-lunes-25-de-agosto-1700-horas-estudio-a-del\/","title":{"rendered":"Conciertos Radiof\u00f3nicos. Dhyana Arom, soprano y Esteban Le\u00f3n, piano. Recital de lieder y canciones de Richard Strauss, Ricardo Castro y Gustavo E. Campa. Lunes 25 de agosto 17:00 horas. Estudio A del IMER."},"content":{"rendered":"<div id=\"attachment_6796\" style=\"width: 745px\" class=\"wp-caption aligncenter\"><a href=\"https:\/\/www.imer.mx\/opus\/wp-content\/uploads\/sites\/13\/Arom-Leon.jpg\"><img loading=\"lazy\" decoding=\"async\" aria-describedby=\"caption-attachment-6796\" class=\"wp-image-6796 \" src=\"https:\/\/www.imer.mx\/opus\/wp-content\/uploads\/sites\/13\/Arom-Leon.jpg\" alt=\"Arom-Leon\" width=\"735\" height=\"543\" srcset=\"https:\/\/www.imer.mx\/opus\/wp-content\/uploads\/sites\/13\/Arom-Leon.jpg 869w, https:\/\/www.imer.mx\/opus\/wp-content\/uploads\/sites\/13\/Arom-Leon-300x221.jpg 300w\" sizes=\"auto, (max-width: 735px) 100vw, 735px\" \/><\/a><p id=\"caption-attachment-6796\" class=\"wp-caption-text\">Dhyana Arom y Esteban Le\u00f3n.<\/p><\/div>\n<p>Contin\u00faa la serie<strong> \u201cConciertos Radiof\u00f3nicos\u201d<\/strong> con la presentaci\u00f3n de, <strong>Dhyana Arom<\/strong>,soprano y <strong>Esteban Le\u00f3n<\/strong>, piano. Interpretar\u00e1n lieder y canciones de <strong>Richard Strauss<\/strong>, <strong>Ricardo Castro<\/strong> y <strong>Gustavo E. Campa<\/strong>. La cita es el <strong>lunes 25 de agosto a las 17:00 horas<\/strong>\u00a0en el\u00a0<strong>Estudio A del IMER<\/strong>.\u00a0 Confirme su asistencia a los tel\u00e9fonos\u00a0<strong>5628-1717 y 5604-8124.<\/strong><\/p>\n<p>Nuestra Direcci\u00f3n:\u00a0<strong>Mayorazgo no.83 col. Xoco. Entrada libre. Cupo limitado.<\/strong><\/p>\n<p>Programa:<\/p>\n<p>Ricardo Castro (1864 \u2013 1907)<\/p>\n<ul>\n<li>Ave Maria<\/li>\n<li>Je t\u2019aime \u2013 Te amo<\/li>\n<li>Je veux t\u2019oublier \u2013 Quiero olvidarte<\/li>\n<li>\u00a1No me caso!<\/li>\n<\/ul>\n<p>&nbsp;<\/p>\n<p>Gustavo E. Campa (1863 \u2013 1934)<\/p>\n<p>Je suis a toi \u2013 Soy tuya<\/p>\n<ul>\n<li>\u00c0 tout \u00e2me qui pleure \u2013 A toda alma que llora<\/li>\n<li>La marguerite \u2013 La margarita<\/li>\n<\/ul>\n<p>-Intermedio-<\/p>\n<p>Richard Strauss (1864 \u2013 1949)<\/p>\n<p>Vier Letzte Lieder \u2013 Cuatro \u00faltimas canciones<\/p>\n<ul>\n<li>Fr\u00fchling &#8211; Primavera<\/li>\n<li>September &#8211; Septiembre<\/li>\n<li>Beim Schlafengehen \u2013 Al irme a dormir<\/li>\n<li>Im Abendrot \u2013 En el ocaso<\/li>\n<\/ul>\n<p>Conducci\u00f3n de Terry Guerrero. Producci\u00f3n de Arturo Ar\u00e9valo y Jorge Pi\u00f1a.<\/p>\n<p><strong><em>Una vez iniciado el concierto no se permitir\u00e1 la entrada hasta la primera pausa.<\/em><\/strong><\/p>\n<p>&nbsp;<\/p>\n","protected":false},"excerpt":{"rendered":"<p>Contin\u00faa la serie \u201cConciertos Radiof\u00f3nicos\u201d con la presentaci\u00f3n de, Dhyana Arom,soprano y Esteban Le\u00f3n, piano. Interpretar\u00e1n lieder y canciones de Richard Strauss, Ricardo Castro y Gustavo E. Campa. La cita es el lunes 25 de agosto a las 17:00 horas\u00a0en el\u00a0Estudio A del IMER.\u00a0 Confirme su asistencia a los tel\u00e9fonos\u00a05628-1717 y 5604-8124. Nuestra Direcci\u00f3n:\u00a0Mayorazgo no.83&hellip;<\/p>\n","protected":false},"author":6,"featured_media":0,"comment_status":"closed","ping_status":"closed","sticky":false,"template":"","format":"standard","meta":{"wp_popup_display_lightbox":0,"wp_popup_suppress":"","wp_popup_trigger":"","wp_popup_trigger_amount":0,"wp_popup_disable_on_mobile":false,"footnotes":""},"categories":[9],"tags":[],"class_list":["post-6795","post","type-post","status-publish","format-standard","hentry","category-sesiones-opus","category-9","description-off"],"_links":{"self":[{"href":"https:\/\/www.imer.mx\/opus\/wp-json\/wp\/v2\/posts\/6795","targetHints":{"allow":["GET"]}}],"collection":[{"href":"https:\/\/www.imer.mx\/opus\/wp-json\/wp\/v2\/posts"}],"about":[{"href":"https:\/\/www.imer.mx\/opus\/wp-json\/wp\/v2\/types\/post"}],"author":[{"embeddable":true,"href":"https:\/\/www.imer.mx\/opus\/wp-json\/wp\/v2\/users\/6"}],"replies":[{"embeddable":true,"href":"https:\/\/www.imer.mx\/opus\/wp-json\/wp\/v2\/comments?post=6795"}],"version-history":[{"count":0,"href":"https:\/\/www.imer.mx\/opus\/wp-json\/wp\/v2\/posts\/6795\/revisions"}],"wp:attachment":[{"href":"https:\/\/www.imer.mx\/opus\/wp-json\/wp\/v2\/media?parent=6795"}],"wp:term":[{"taxonomy":"category","embeddable":true,"href":"https:\/\/www.imer.mx\/opus\/wp-json\/wp\/v2\/categories?post=6795"},{"taxonomy":"post_tag","embeddable":true,"href":"https:\/\/www.imer.mx\/opus\/wp-json\/wp\/v2\/tags?post=6795"}],"curies":[{"name":"wp","href":"https:\/\/api.w.org\/{rel}","templated":true}]}}