{"id":6477,"date":"2014-06-25T22:03:45","date_gmt":"2014-06-26T03:03:45","guid":{"rendered":"http:\/\/www.imer.mx\/opus\/?p=6477"},"modified":"2015-10-20T14:54:33","modified_gmt":"2015-10-20T19:54:33","slug":"control-remoto-desde-el-anfiteatro-simon-bolivar-concierto-de-la-mtra-yuriko-kuronuma-adios-a-mexico-con-la-participacion-del-pianista-mtro-rafael-guerra-domingo-29-junio-1200-horas","status":"publish","type":"post","link":"https:\/\/www.imer.mx\/opus\/control-remoto-desde-el-anfiteatro-simon-bolivar-concierto-de-la-mtra-yuriko-kuronuma-adios-a-mexico-con-la-participacion-del-pianista-mtro-rafael-guerra-domingo-29-junio-1200-horas\/","title":{"rendered":"Control remoto desde el Anfiteatro Sim\u00f3n Bol\u00edvar. Concierto &#8220;Adi\u00f3s a M\u00e9xico&#8221;: Yuriko Kuronuma, viol\u00edn y Rafael Guerra, piano. Domingo 29 junio 12:00 horas."},"content":{"rendered":"<div id=\"attachment_6487\" style=\"width: 589px\" class=\"wp-caption aligncenter\"><a href=\"https:\/\/www.imer.mx\/opus\/wp-content\/uploads\/sites\/13\/yuri3.jpg\"><img loading=\"lazy\" decoding=\"async\" aria-describedby=\"caption-attachment-6487\" class=\"wp-image-6487 \" src=\"https:\/\/www.imer.mx\/opus\/wp-content\/uploads\/sites\/13\/yuri3-814x1024.jpg\" alt=\"Yuriko et al.\" width=\"579\" height=\"726\" \/><\/a><p id=\"caption-attachment-6487\" class=\"wp-caption-text\">Yuriko Kuronuma y Rafael Guerra \/ Abajo: H\u00e4endel, Smetana, Franck y Kiyose<\/p><\/div>\n<p>La segunda de nuestras\u00a0<strong>&#8220;Actividades extraordinarias&#8221;<\/strong>\u00a0dentro del marco del\u00a0<strong>XXVIII Aniversario de Opus 94<\/strong>, se llevar\u00e1 a cabo este domingo<strong>\u00a029 de junio a las 12:00 horas. <\/strong>Transmitiremos en directo desde el <strong>Anfiteatro Sim\u00f3n Bol\u00edvar del Antiguo Colegio de San Ildefonso<\/strong> el concierto <strong>&#8220;Adi\u00f3s a M\u00e9xico&#8221;<\/strong> con la maestra violinista <strong>Yuriko Kuronuma<\/strong> acompa\u00f1ada al piano por el maestro <strong>Rafael Guerra.<\/strong><\/p>\n<p>Se interpretar\u00e1 el siguiente programa:<br \/>\nSonata no.4 en re mayor \u00a0 \u00a0 \u00a0 \u00a0 \u00a0 \u00a0 \u00a0 \u00a0<strong>Georg Friderich H\u00e4ndel<\/strong> \u00a0(1685-1759)<br \/>\nSonata en la mayor \u00a0 \u00a0 \u00a0 \u00a0 \u00a0 \u00a0 \u00a0 \u00a0 \u00a0 \u00a0 \u00a0 \u00a0 <strong>C\u00e9sar Franck<\/strong> (1822-1890)<br \/>\n\u201cLento\u201d \u00a0 \u00a0 \u00a0 \u00a0 \u00a0 \u00a0 \u00a0 \u00a0 \u00a0 \u00a0 \u00a0 \u00a0 \u00a0 \u00a0 \u00a0 \u00a0 \u00a0 \u00a0 \u00a0 \u00a0 \u00a0 \u00a0 \u00a0\u00a0<strong>Yasuji Kiyose<\/strong> \u00a0(1900-1981)<br \/>\n\u201cDe la tierra natal\u201d \u00a0 \u00a0 \u00a0 \u00a0 \u00a0 \u00a0 \u00a0 \u00a0 \u00a0 \u00a0 \u00a0 \u00a0 <strong>Bedrich Smetana<\/strong> (1824-1884)<\/p>\n<p><em><strong>&#8220;Opus 94, 28 a\u00f1os siendo el lugar de la m\u00fasica&#8221;<\/strong><\/em><\/p>\n","protected":false},"excerpt":{"rendered":"<p>La segunda de nuestras\u00a0&#8220;Actividades extraordinarias&#8221;\u00a0dentro del marco del\u00a0XXVIII Aniversario de Opus 94, se llevar\u00e1 a cabo este domingo\u00a029 de junio a las 12:00 horas. Transmitiremos en directo desde el Anfiteatro Sim\u00f3n Bol\u00edvar del Antiguo Colegio de San Ildefonso el concierto &#8220;Adi\u00f3s a M\u00e9xico&#8221; con la maestra violinista Yuriko Kuronuma acompa\u00f1ada al piano por el maestro&hellip;<\/p>\n","protected":false},"author":6,"featured_media":0,"comment_status":"closed","ping_status":"closed","sticky":false,"template":"","format":"standard","meta":{"wp_popup_display_lightbox":0,"wp_popup_suppress":"","wp_popup_trigger":"","wp_popup_trigger_amount":0,"wp_popup_disable_on_mobile":false,"footnotes":""},"categories":[3],"tags":[],"class_list":["post-6477","post","type-post","status-publish","format-standard","hentry","category-programas-especiales","category-3","description-off"],"_links":{"self":[{"href":"https:\/\/www.imer.mx\/opus\/wp-json\/wp\/v2\/posts\/6477","targetHints":{"allow":["GET"]}}],"collection":[{"href":"https:\/\/www.imer.mx\/opus\/wp-json\/wp\/v2\/posts"}],"about":[{"href":"https:\/\/www.imer.mx\/opus\/wp-json\/wp\/v2\/types\/post"}],"author":[{"embeddable":true,"href":"https:\/\/www.imer.mx\/opus\/wp-json\/wp\/v2\/users\/6"}],"replies":[{"embeddable":true,"href":"https:\/\/www.imer.mx\/opus\/wp-json\/wp\/v2\/comments?post=6477"}],"version-history":[{"count":0,"href":"https:\/\/www.imer.mx\/opus\/wp-json\/wp\/v2\/posts\/6477\/revisions"}],"wp:attachment":[{"href":"https:\/\/www.imer.mx\/opus\/wp-json\/wp\/v2\/media?parent=6477"}],"wp:term":[{"taxonomy":"category","embeddable":true,"href":"https:\/\/www.imer.mx\/opus\/wp-json\/wp\/v2\/categories?post=6477"},{"taxonomy":"post_tag","embeddable":true,"href":"https:\/\/www.imer.mx\/opus\/wp-json\/wp\/v2\/tags?post=6477"}],"curies":[{"name":"wp","href":"https:\/\/api.w.org\/{rel}","templated":true}]}}