{"id":6299,"date":"2014-06-02T10:40:26","date_gmt":"2014-06-02T15:40:26","guid":{"rendered":"http:\/\/www.imer.mx\/opus\/?p=6299"},"modified":"2016-06-08T14:57:00","modified_gmt":"2016-06-08T19:57:00","slug":"bozena-slawinska","status":"publish","type":"post","link":"https:\/\/www.imer.mx\/opus\/bozena-slawinska\/","title":{"rendered":"Bozena Slawinska"},"content":{"rendered":"<p><img loading=\"lazy\" decoding=\"async\" class=\"alignleft size-full wp-image-6300\" src=\"https:\/\/www.imer.mx\/opus\/wp-content\/uploads\/sites\/13\/bozenaslawinska.jpg\" alt=\"bozenaslawinska\" width=\"299\" height=\"403\" srcset=\"https:\/\/www.imer.mx\/opus\/wp-content\/uploads\/sites\/13\/bozenaslawinska.jpg 299w, https:\/\/www.imer.mx\/opus\/wp-content\/uploads\/sites\/13\/bozenaslawinska-222x300.jpg 222w\" sizes=\"auto, (max-width: 299px) 100vw, 299px\" \/>Naci\u00f3 en Elblag, Polonia, donde concluy\u00f3 sus estudios con Jadwiga Ewald en el Liceo de M\u00fasica de Gdansk, y se gradu\u00f3 bajo la gu\u00eda de Andrzej Orkisz por la Academia de M\u00fasica Fryderyk Chopin. Complet\u00f3 su formaci\u00f3n t\u00e9cnica en los cursos de perfeccionamiento de Michael Flacksman y Aldo Parisot. Ganadora del segundo premio en el Concurso Nacional Dezyderiusz Danczowski de Poznan, Polonia, tambi\u00e9n obtuvo el diploma de reconocimiento en el Concurso Internacional de Ginebra, Suiza, y ofreci\u00f3 recitales en esa ciudad as\u00ed como en Viena, Praga, Venecia, Mosc\u00fa y en varias ciudades de Jap\u00f3n.<\/p>\n<p>Ha tocado con numerosos artistas y bajo la direcci\u00f3n de Sergio C\u00e1rdenas, Enrique Barrios, Luis Herrera de la Fuente, Eduardo Mata, Giuseppe Sinopoli y Franco Ferrara, entre otros, as\u00ed como con importantes orquestas de Am\u00e9rica y Europa. En 2006, fue premiada por la Global Quality Foundation.<\/p>\n<p>Miembro fundador del ensamble barroco Tr\u00edo Hotteterre, con el que grab\u00f3 dos discos; es fundadora del octeto de violonchelos Cello Academia, agrupaci\u00f3n con la que ha realizado dos discos. Forma parte del grupo Concertistas de Bellas Artes.<\/p>\n<p><strong>No te pierdas el concierto de\u00a0Bozena Slawinska. Lunes 2 de junio, 17:00 horas, estudio &#8220;A&#8221; del IMER.<\/strong><\/p>\n<p>&nbsp;<\/p>\n<h3>Programa<\/h3>\n<p><strong>Johann Sebastian Bach <\/strong>(1685-1750)<\/p>\n<p>Suite para violonchelo n\u00fam. 1, BWV 1007<\/p>\n<p><em>I Pr\u00e9lude<\/em><\/p>\n<p><em>II Allemande<\/em><\/p>\n<p><em>III Courante<\/em><\/p>\n<p><em>IV Sarabande<\/em><\/p>\n<p><em>V Menuet I-II<\/em><\/p>\n<p><em>VI Gigue<\/em><strong>\u00a0<\/strong><\/p>\n<p><strong>Intermedio<\/strong><\/p>\n<p>Suite para violonchelo n\u00fam.\u00a0 2, BWV 1008<\/p>\n<p><em>I Pr\u00e9lude<\/em><\/p>\n<p><em>II Allemande<\/em><\/p>\n<p><em>III Courante<\/em><\/p>\n<p><em>IV Sarabande<\/em><\/p>\n<p><em>V Menuet I-II<\/em><\/p>\n<p><em>VI Gigue<\/em><\/p>\n","protected":false},"excerpt":{"rendered":"<p>Naci\u00f3 en Elblag, Polonia, donde concluy\u00f3 sus estudios con Jadwiga Ewald en el Liceo de M\u00fabozenaslawinskasica de Gdansk, y se gradu\u00f3 bajo la gu\u00eda de Andrzej Orkisz por la Academia de M\u00fasica Fryderyk Chopin. Complet\u00f3 su formaci\u00f3n t\u00e9cnica en los cursos de perfeccionamiento de Michael Flacksman y Aldo Parisot. <br \/><strong>Concierto de Bozena Slawinska<br \/> Lunes 2 de junio, 17:00 horas, estudio &#8220;A&#8221; del IMER.<\/strong><\/p>\n","protected":false},"author":1,"featured_media":6278,"comment_status":"closed","ping_status":"closed","sticky":false,"template":"","format":"standard","meta":{"wp_popup_display_lightbox":0,"wp_popup_suppress":"","wp_popup_trigger":"","wp_popup_trigger_amount":0,"wp_popup_disable_on_mobile":false,"footnotes":""},"categories":[9],"tags":[],"class_list":["post-6299","post","type-post","status-publish","format-standard","has-post-thumbnail","hentry","category-sesiones-opus","category-9","description-off"],"_links":{"self":[{"href":"https:\/\/www.imer.mx\/opus\/wp-json\/wp\/v2\/posts\/6299","targetHints":{"allow":["GET"]}}],"collection":[{"href":"https:\/\/www.imer.mx\/opus\/wp-json\/wp\/v2\/posts"}],"about":[{"href":"https:\/\/www.imer.mx\/opus\/wp-json\/wp\/v2\/types\/post"}],"author":[{"embeddable":true,"href":"https:\/\/www.imer.mx\/opus\/wp-json\/wp\/v2\/users\/1"}],"replies":[{"embeddable":true,"href":"https:\/\/www.imer.mx\/opus\/wp-json\/wp\/v2\/comments?post=6299"}],"version-history":[{"count":0,"href":"https:\/\/www.imer.mx\/opus\/wp-json\/wp\/v2\/posts\/6299\/revisions"}],"wp:featuredmedia":[{"embeddable":true,"href":"https:\/\/www.imer.mx\/opus\/wp-json\/wp\/v2\/media\/6278"}],"wp:attachment":[{"href":"https:\/\/www.imer.mx\/opus\/wp-json\/wp\/v2\/media?parent=6299"}],"wp:term":[{"taxonomy":"category","embeddable":true,"href":"https:\/\/www.imer.mx\/opus\/wp-json\/wp\/v2\/categories?post=6299"},{"taxonomy":"post_tag","embeddable":true,"href":"https:\/\/www.imer.mx\/opus\/wp-json\/wp\/v2\/tags?post=6299"}],"curies":[{"name":"wp","href":"https:\/\/api.w.org\/{rel}","templated":true}]}}