{"id":59947,"date":"2025-10-09T11:03:56","date_gmt":"2025-10-09T17:03:56","guid":{"rendered":"https:\/\/www.imer.mx\/opus\/?p=59947"},"modified":"2025-10-09T11:04:32","modified_gmt":"2025-10-09T17:04:32","slug":"luz-angelica-uribe-soprano-canta-melesio-morales","status":"publish","type":"post","link":"https:\/\/www.imer.mx\/opus\/luz-angelica-uribe-soprano-canta-melesio-morales\/","title":{"rendered":"\u00a0Luz Ang\u00e9lica Uribe, soprano canta Melesio Morales"},"content":{"rendered":"<h2> Luz Ang\u00e9lica Uribe, soprano canta Melesio Morales<\/h2>\n<p>\t\t\t\t\t\t\t\t\t\t\t\t\t\t\t<img loading=\"lazy\" decoding=\"async\" width=\"756\" height=\"756\" src=\"https:\/\/www.imer.mx\/opus\/wp-content\/uploads\/sites\/13\/VLO-4SEPT-Melesio-Uribe.jpg\" alt=\"\" \/>\t\t\t\t\t\t\t\t\t\t\t\t\t\t\t<\/p>\n<h4>Sinopsis<\/h4>\n<p>Erick Zerme\u00f1o celebra 20 a\u00f1os de \u00a1Viva la \u00d3pera! con una retrospectiva y presenta una emisi\u00f3n dedicada al \u00e1lbum de canciones del compositor mexicano Melesio Morales con la soprano Luz Ang\u00e9lica Uribe.<\/p>\n<p>\u00a0<\/p>\n<p>Se trata del recital transmitido en directo con p\u00fablico realizado para celebra\u00a0el primer aniversario del programa en 2006.\u00a0En aquella velada que se registr\u00f3 en el Estudio A del IMER, la soprano mexicana fue acompa\u00f1ada al piano por el maestro Carlos Alberto Pecero, que desafortunadamente falleci\u00f3 en diciembre de 2019, a quien a trav\u00e9s de esta emisi\u00f3n hacemos un merecido homenaje.<\/p>\n<p>\u00a0<\/p>\n<p>Incluye una entrevista a la soprano realizada en 2008 en directo desde la cabina de Opus 94 en la que nuestra artista comenta sobre este importante repertorio.\u00a0 Buon ascolto!<\/p>\n<p>\u00a1Viva la \u00d3pera!<\/p>\n<p><strong>Setlist &#8211; Canciones de Melesio Morales con Luz Ang\u00e9lica Uribe, soprano<\/strong><\/p>\n<p>1) \u201cIl sospiro d\u00b4amore\u201d &#8211; \u201cEl suspiro de amor\u201d (Vals)<\/p>\n<p>2) \u201cLos recuerdos de Florencia\u201d (Vals)<\/p>\n<p>3) \u201cOhim\u00e8!\u201d &#8211; \u201cAy de m\u00ed\u201d<\/p>\n<p>4) \u201cI fior de miei ricordi\u201d &#8211; \u201cLa flor de mis recuerdos\u201d (Romanza)<\/p>\n<p>5) \u201cL\u00b4obblio\u201d &#8211; \u201cEl olvido\u201d (Serenata)\u00a0<\/p>\n<p>6)\u00a0 \u201cL\u00b4ultimo mio sospir\u201d &#8211; \u201cEl \u00faltimo suspiro\u201d<\/p>\n<p>7) \u201cSobre el mar\u201d (Barcarolla)\u00a0<\/p>\n<p>8) \u201cGuarda esa flor\u201d<\/p>\n<p>9) \u201cLa farfalletta\u201d &#8211; \u201cLa mariposilla\u201d (Polka)<\/p>\n<p>\u00a0<\/p>\n<p>Luz Ang\u00e9lica Uribe, soprano<\/p>\n<p>Carlos Alberto Pecero, piano<\/p>\n<p>\u00a0<\/p>\n<p>Grabaci\u00f3n del recital en directo realizada en el Estudio A del IMER en 2006.<\/p>\n<p>Entrevista realizada en 2008 por Erick Zerme\u00f1o en directo en la cabina de Opus 94.<\/p>\n<p dir=\"ltr\">___________<\/p>\n<p dir=\"ltr\">*Importante: Todo el material incluido en este podcast se presenta \u00fanicamente con fines educativos y de divulgaci\u00f3n cultural.<\/p>\n<p dir=\"ltr\">__________<\/p>\n<h4>Ficha t\u00e9cnica<\/h4>\n<p>CONDUCTOR: Erick Zerme\u00f1o<\/p>\n<p>INVITADO\/A: Ninguno<\/p>\n<p>TRANSMISI\u00d3N: 2025<\/p>\n<p>MUSICALIZACI\u00d3N: Erick Zerme\u00f1o<\/p>\n<p>PRODUCCI\u00d3N: Erick Zerme\u00f1o<\/p>\n<h2>Emociona a otros con este contenido<\/h2>\n<h2><a href=\"https:\/\/www.imer.mx\/opus\/pagina-viva-la-opera\/\">P\u00e1gina de la  serie<\/a><\/h2>\n","protected":false},"excerpt":{"rendered":"<p>Erick Zerme\u00f1o celebra 20 a\u00f1os de \u00a1Viva la \u00d3pera! con una retrospectiva y presenta una emisi\u00f3n dedicada al \u00e1lbum de canciones del compositor mexicano Melesio Morales con la soprano Luz Ang\u00e9lica Uribe.<\/p>\n<p>Se trata del recital transmitido en directo con p\u00fablico realizado para celebra el primer aniversario del programa en 2006. En aquella velada que se registr\u00f3 en el Estudio A del IMER, la soprano mexicana fue acompa\u00f1ada al piano por el maestro Carlos Alberto Pecero, que desafortunadamente falleci\u00f3 en diciembre de 2019, a quien a trav\u00e9s de esta emisi\u00f3n hacemos un merecido homenaje.<\/p>\n<p>Incluye una entrevista a la soprano realizada en 2008 en directo desde la cabina de Opus 94 en la que nuestra artista comenta sobre este importante repertorio.  Buon ascolto! \u00a1Viva la \u00d3pera!<\/p>\n","protected":false},"author":187,"featured_media":59948,"comment_status":"open","ping_status":"open","sticky":false,"template":"","format":"standard","meta":{"wp_popup_display_lightbox":0,"wp_popup_suppress":"","wp_popup_trigger":"","wp_popup_trigger_amount":0,"wp_popup_disable_on_mobile":false,"footnotes":""},"categories":[48],"tags":[72,47,84],"class_list":["post-59947","post","type-post","status-publish","format-standard","has-post-thumbnail","hentry","category-viva-la-opera","tag-historia","tag-opera","tag-siglo-xx","category-48","description-off"],"_links":{"self":[{"href":"https:\/\/www.imer.mx\/opus\/wp-json\/wp\/v2\/posts\/59947","targetHints":{"allow":["GET"]}}],"collection":[{"href":"https:\/\/www.imer.mx\/opus\/wp-json\/wp\/v2\/posts"}],"about":[{"href":"https:\/\/www.imer.mx\/opus\/wp-json\/wp\/v2\/types\/post"}],"author":[{"embeddable":true,"href":"https:\/\/www.imer.mx\/opus\/wp-json\/wp\/v2\/users\/187"}],"replies":[{"embeddable":true,"href":"https:\/\/www.imer.mx\/opus\/wp-json\/wp\/v2\/comments?post=59947"}],"version-history":[{"count":0,"href":"https:\/\/www.imer.mx\/opus\/wp-json\/wp\/v2\/posts\/59947\/revisions"}],"wp:featuredmedia":[{"embeddable":true,"href":"https:\/\/www.imer.mx\/opus\/wp-json\/wp\/v2\/media\/59948"}],"wp:attachment":[{"href":"https:\/\/www.imer.mx\/opus\/wp-json\/wp\/v2\/media?parent=59947"}],"wp:term":[{"taxonomy":"category","embeddable":true,"href":"https:\/\/www.imer.mx\/opus\/wp-json\/wp\/v2\/categories?post=59947"},{"taxonomy":"post_tag","embeddable":true,"href":"https:\/\/www.imer.mx\/opus\/wp-json\/wp\/v2\/tags?post=59947"}],"curies":[{"name":"wp","href":"https:\/\/api.w.org\/{rel}","templated":true}]}}