{"id":59867,"date":"2025-09-30T15:48:47","date_gmt":"2025-09-30T21:48:47","guid":{"rendered":"https:\/\/www.imer.mx\/opus\/?p=59867"},"modified":"2025-09-30T15:54:27","modified_gmt":"2025-09-30T21:54:27","slug":"franco-corelli-en-mexico-1974-2","status":"publish","type":"post","link":"https:\/\/www.imer.mx\/opus\/franco-corelli-en-mexico-1974-2\/","title":{"rendered":"Franco Corelli en M\u00e9xico 1974"},"content":{"rendered":"<h2>Franco Corelli en M\u00e9xico 1974<\/h2>\n<p>\t\t\t\t\t\t\t\t\t\t\t\t\t\t\t<img loading=\"lazy\" decoding=\"async\" width=\"756\" height=\"756\" src=\"https:\/\/www.imer.mx\/opus\/wp-content\/uploads\/sites\/13\/VLO-Franco-Corelli.jpg\" alt=\"\" \/>\t\t\t\t\t\t\t\t\t\t\t\t\t\t\t<\/p>\n<h4>Sinopsis<\/h4>\n<p dir=\"ltr\">Erick Zerme\u00f1o presenta\u00a0una reconstrucci\u00f3n\u00a0sonora con las piezas que cant\u00f3 el legendario tenor Franco Corelli en el \u00fanico recital que ofreci\u00f3\u00a0en M\u00e9xico en 1974.\u00a0Buon ascolto!\u00a0\u00a1Viva la \u00d3pera!<\/p>\n<p dir=\"ltr\">___________<\/p>\n<p dir=\"ltr\">*Importante: Todo el material incluido en este podcast se presenta \u00fanicamente con fines educativos y de divulgaci\u00f3n cultural.<\/p>\n<p dir=\"ltr\">__________<\/p>\n<h4>Ficha t\u00e9cnica<\/h4>\n<p>CONDUCTOR: Erick Zerme\u00f1o<\/p>\n<p>INVITADO\/A: Ninguno<\/p>\n<p>TRANSMISI\u00d3N: 2025<\/p>\n<p>MUSICALIZACI\u00d3N: Erick Zerme\u00f1o<\/p>\n<p>PRODUCCI\u00d3N: Erick Zerme\u00f1o<\/p>\n<h2>Emociona a otros con este contenido<\/h2>\n<h2><a href=\"https:\/\/www.imer.mx\/opus\/pagina-viva-la-opera\/\">P\u00e1gina de la  serie<\/a><\/h2>\n","protected":false},"excerpt":{"rendered":"<p>Erick Zerme\u00f1o presenta una reconstrucci\u00f3n sonora con las piezas que cant\u00f3 el legendario tenor Franco Corelli en el \u00fanico recital que ofreci\u00f3 en M\u00e9xico en 1974. Buon ascolto! \u00a1Viva la \u00d3pera!<\/p>\n","protected":false},"author":187,"featured_media":59868,"comment_status":"open","ping_status":"open","sticky":false,"template":"","format":"standard","meta":{"wp_popup_display_lightbox":0,"wp_popup_suppress":"","wp_popup_trigger":"","wp_popup_trigger_amount":0,"wp_popup_disable_on_mobile":false,"footnotes":""},"categories":[48],"tags":[72,47,84],"class_list":["post-59867","post","type-post","status-publish","format-standard","has-post-thumbnail","hentry","category-viva-la-opera","tag-historia","tag-opera","tag-siglo-xx","category-48","description-off"],"_links":{"self":[{"href":"https:\/\/www.imer.mx\/opus\/wp-json\/wp\/v2\/posts\/59867","targetHints":{"allow":["GET"]}}],"collection":[{"href":"https:\/\/www.imer.mx\/opus\/wp-json\/wp\/v2\/posts"}],"about":[{"href":"https:\/\/www.imer.mx\/opus\/wp-json\/wp\/v2\/types\/post"}],"author":[{"embeddable":true,"href":"https:\/\/www.imer.mx\/opus\/wp-json\/wp\/v2\/users\/187"}],"replies":[{"embeddable":true,"href":"https:\/\/www.imer.mx\/opus\/wp-json\/wp\/v2\/comments?post=59867"}],"version-history":[{"count":0,"href":"https:\/\/www.imer.mx\/opus\/wp-json\/wp\/v2\/posts\/59867\/revisions"}],"wp:featuredmedia":[{"embeddable":true,"href":"https:\/\/www.imer.mx\/opus\/wp-json\/wp\/v2\/media\/59868"}],"wp:attachment":[{"href":"https:\/\/www.imer.mx\/opus\/wp-json\/wp\/v2\/media?parent=59867"}],"wp:term":[{"taxonomy":"category","embeddable":true,"href":"https:\/\/www.imer.mx\/opus\/wp-json\/wp\/v2\/categories?post=59867"},{"taxonomy":"post_tag","embeddable":true,"href":"https:\/\/www.imer.mx\/opus\/wp-json\/wp\/v2\/tags?post=59867"}],"curies":[{"name":"wp","href":"https:\/\/api.w.org\/{rel}","templated":true}]}}