{"id":59790,"date":"2025-09-30T15:25:17","date_gmt":"2025-09-30T21:25:17","guid":{"rendered":"https:\/\/www.imer.mx\/opus\/?p=59790"},"modified":"2025-09-30T15:25:46","modified_gmt":"2025-09-30T21:25:46","slug":"homenaje-a-dmitri-shostakovich-a-50-anos-de-su-fallecimiento","status":"publish","type":"post","link":"https:\/\/www.imer.mx\/opus\/homenaje-a-dmitri-shostakovich-a-50-anos-de-su-fallecimiento\/","title":{"rendered":"Homenaje a Dmitri Shostakovich a 50 a\u00f1os de su fallecimiento"},"content":{"rendered":"<h2>Homenaje a Dmitri Shostakovich a 50 a\u00f1os de su fallecimiento<\/h2>\n<p>\t\t\t\t\t\t\t\t\t\t\t\t\t\t\t<img loading=\"lazy\" decoding=\"async\" width=\"756\" height=\"756\" src=\"https:\/\/www.imer.mx\/opus\/wp-content\/uploads\/sites\/13\/VLO-Shostakovich-14ag_025.jpg\" alt=\"\" \/>\t\t\t\t\t\t\t\t\t\t\t\t\t\t\t<\/p>\n<h4>Sinopsis<\/h4>\n<p dir=\"ltr\">Erick Zerme\u00f1o presenta\u00a0una semblanza un homenaje al compositor ruso Dmitri Shostakovich (1906-1975), para conmemorar los 50 a\u00f1os de su fallecimiento. Buon ascolto!<\/p>\n<p dir=\"ltr\">\u00a1Viva la \u00d3pera!<\/p>\n<p dir=\"ltr\">Setlist &#8211; Programa musical &#8211; Homenaje a Dmitri Shostakovich (1906-1975) a 50 a\u00f1os de su fallecimiento<\/p>\n<p dir=\"ltr\">\u00a0<\/p>\n<p dir=\"ltr\">1) Escena de la catedral\u00a0<\/p>\n<p dir=\"ltr\">Final del acto I &#8211; \u201cLa nariz\u201d &#8211; \u201cNos\u201d Op. 15<\/p>\n<p dir=\"ltr\">Platon Kuzmich Kovalyov: Eduard Akimov, bar\u00edtono<\/p>\n<p dir=\"ltr\">La Nariz: Alexander Lomonosov, tenor<\/p>\n<p dir=\"ltr\">Dir. Gennady Rozhdestvensky<\/p>\n<p dir=\"ltr\">Grabaci\u00f3n en directo, Mosc\u00fa, 1979.<\/p>\n<p dir=\"ltr\">\u00a0<\/p>\n<p dir=\"ltr\">*Entrevista a Shostakovich &#8211; 1975 sobre la \u00f3pera<\/p>\n<p dir=\"ltr\">\u00a0<\/p>\n<p dir=\"ltr\">2) &#8220;Zherebyonok k kobylke toropitsa&#8221; &#8211; \u201cEl caballo corre para encontrar a la yegua\u201d (Aria de Katerina) \u00b7<\/p>\n<p dir=\"ltr\">Acto I &#8211; \u201cLady Macbeth del Distrito de Mtsensk Op. 29\u00a0\u00a0<\/p>\n<p dir=\"ltr\">Galina Vishnevskaya, soprano<\/p>\n<p dir=\"ltr\">Dir. Mstislav Rostropovich<\/p>\n<p dir=\"ltr\">Estudio 1979<\/p>\n<p dir=\"ltr\">\u00a0<\/p>\n<p dir=\"ltr\">3) Escena del juego<\/p>\n<p dir=\"ltr\">\u201cLos jugadores\u201d<\/p>\n<p dir=\"ltr\">Viktor Panin<\/p>\n<p dir=\"ltr\">Alexander Arkhipov<\/p>\n<p dir=\"ltr\">Nikolai Reshetniak<\/p>\n<p dir=\"ltr\">Dir. Andrei Christiakov<\/p>\n<p dir=\"ltr\">Estudio 2010<\/p>\n<p dir=\"ltr\">\u00a0<\/p>\n<p>4) Escena\u00a0\u201cOrango\u201d Op. (1932, estrenada en 2011)<\/p>\n<p dir=\"ltr\">Gerard McBurney, orquestaci\u00f3n<\/p>\n<p dir=\"ltr\">Orango: Ivan Novoselov, bajo<\/p>\n<p dir=\"ltr\">Suzanna: Natalia Pavlova, soprano<\/p>\n<p dir=\"ltr\">Ren\u00e9e: Natalia Jakimova, soprano<\/p>\n<p dir=\"ltr\">Armand Fleury: Aleksander \u0160agun, tenor<\/p>\n<p dir=\"ltr\">Dir. Esa-Pekka Salonen<\/p>\n<p dir=\"ltr\">Finnish Radio Symphony Orchestra<\/p>\n<p dir=\"ltr\">Helsinki Music Centre, 20 August 2014<\/p>\n<p dir=\"ltr\">\u00a0<\/p>\n<p dir=\"ltr\">Ciclo de canciones \u201cPoemas tradicionales jud\u00edos\u201d Op. 79<\/p>\n<p dir=\"ltr\">\u00a0<\/p>\n<p dir=\"ltr\">5) No. 7 \u201cLa canci\u00f3n de la miseria\u201d<\/p>\n<p dir=\"ltr\">6) No. 9. \u201cKhoroshaya zhisn&#8217;\u201d &#8211; \u201cUna buena vida\u201d<\/p>\n<p dir=\"ltr\">Aleksei Maslennikov, tenor<\/p>\n<p dir=\"ltr\">\u00a0<\/p>\n<p dir=\"ltr\">7) No. 11. \u201cSchastye\u201d &#8211; \u201cFelicidad\u201d<\/p>\n<p dir=\"ltr\">Ensamble &#8211; Conjunto<\/p>\n<p dir=\"ltr\">Nina Dorliak, soprano<\/p>\n<p dir=\"ltr\">contralto Zara Dolukhanova,\u00a0<\/p>\n<p dir=\"ltr\">Aleksei Maslennikov, tenor<\/p>\n<p dir=\"ltr\">\u00a0<\/p>\n<p dir=\"ltr\">Dmitri Shostakovich &#8211; piano<\/p>\n<p dir=\"ltr\">Estudio 1956<\/p>\n<p dir=\"ltr\">\u00a0<\/p>\n<p dir=\"ltr\">Ciclo: 5 Romanzas &#8220;Canciones de nuestros d\u00edas&#8221;<\/p>\n<p dir=\"ltr\">\u00a0<\/p>\n<p dir=\"ltr\">8) No. 4. \u201cDen&#8217; radosti\u201d &#8211; \u201cEl d\u00eda de la alegr\u00eda\u201d<\/p>\n<p dir=\"ltr\">Boris Gmyria, bajo<\/p>\n<p dir=\"ltr\">Lev Ostrin, piano<\/p>\n<p dir=\"ltr\">Estudio 1966<\/p>\n<p dir=\"ltr\">\u00a0<\/p>\n<p dir=\"ltr\">9) M\u00fasica para la obra teatral\u201c Salut, Ispaniya!\u201d &#8211; &#8220;\u00a1Saludo a Espa\u00f1a!&#8221; Op. 44<\/p>\n<p dir=\"ltr\">\u00a0<\/p>\n<p dir=\"ltr\">1. Fanfarria I\u00a0<\/p>\n<p dir=\"ltr\">2. Marcha de los oficiales &#8211;\u00a0Allegro non troppo\u00a0<\/p>\n<p dir=\"ltr\">3. Fanfarria II\u00a0<\/p>\n<p dir=\"ltr\">4. \u201c\u00a1A las barricadas!\u201d &#8211;\u00a0Con spirito\u00a0&#8211; Texto an\u00f3nimo<\/p>\n<p dir=\"ltr\">5. Canci\u00f3n de Rosita &#8211;\u00a0Moderato\u00a0<\/p>\n<p dir=\"ltr\">6. Fanfarria III\u00a0<\/p>\n<p dir=\"ltr\">7. \u201cA lo largo de los valles y sobre las colinas\u201d &#8211; Moderato con moto &#8211; Texto atribuido a. I. S. Aturov<\/p>\n<p dir=\"ltr\">8. Reminiscencia de \u201cLa canci\u00f3n de Rosita\u201d &#8211; Andante\u00a0<\/p>\n<p dir=\"ltr\">9. Marcha f\u00fanebre de Luc\u00eda &#8211; Andante 8:09<\/p>\n<p dir=\"ltr\">\u00a0<\/p>\n<p dir=\"ltr\">Textos de Valeriano Orob\u00f3n Fern\u00e1ndez y Pyotr Semyonovich Parfenov.<\/p>\n<p dir=\"ltr\">\u00a0<\/p>\n<p dir=\"ltr\">Kamil Barczewski, bajo solista<\/p>\n<p dir=\"ltr\">Coro de voces masculinas de la Camerata de Silesia y Ensamble de cantantes de la Ciudad de Katowice. Ambas agrupaciones vocales de Polonia<\/p>\n<p dir=\"ltr\">Dir. Mark Fitz-Gerald<\/p>\n<p dir=\"ltr\">Grabaci\u00f3n de estudio, 2015.<\/p>\n<p dir=\"ltr\">\u00a0<\/p>\n<p dir=\"ltr\">Ciclo: 6 Canciones espa\u00f1olas Op. 100<\/p>\n<p dir=\"ltr\">\u00a0<\/p>\n<p dir=\"ltr\">10) 1. \u201c\u00a1Adi\u00f3s, Granada!\u201d &#8211; \u201cGranadinas\u201d<\/p>\n<p dir=\"ltr\">11) 2. \u201cEstrellitas\u201d &#8211; \u201cMozuca\u201d, \u201cMocita\u201d<\/p>\n<p dir=\"ltr\">12) 3. \u201cPrimer encuentro\u201d &#8211; \u201cEn Samir de los Ca\u00f1os\u201d (poblado cerca de Salamanca)<\/p>\n<p dir=\"ltr\">13) 4. \u201cRonda\u201d (\u201cUn nacimiento\u201d)<\/p>\n<p dir=\"ltr\">14) 5. \u201cMuchacha de ojos negros\u201d &#8211; \u201cEres alta y delgada\u201d<\/p>\n<p dir=\"ltr\">15) 6. \u201cSo\u00f1\u00e9\u201d (\u201cBarcarolla\u201d o \u201cLa batelera\u201d)<\/p>\n<p dir=\"ltr\">\u00a0<\/p>\n<p dir=\"ltr\">Olga Borodina, mezzosoprano<\/p>\n<p dir=\"ltr\">Semyon Skigin, piano<\/p>\n<p dir=\"ltr\">\u00c1lbum: &#8220;Bolero&#8221; &#8211;\u00a0A Spanish Songbook. Estudio 1997.<\/p>\n<p dir=\"ltr\">\u00a0<\/p>\n<p dir=\"ltr\">Encores\u00a0o propinas:<\/p>\n<p dir=\"ltr\">\u00a0<\/p>\n<p dir=\"ltr\">16) Vals-canci\u00f3n\u00a0tradicional espa\u00f1ola: \u201cYo te dar\u00e9 caf\u00e9\u201d\u00a0<\/p>\n<p dir=\"ltr\">Ram\u00f3n Aramburu, Luis Tejedor y \u00c1ngel Abad T\u00e1rdez<\/p>\n<p dir=\"ltr\">Francisca &#8211; Paquita Robles Labastina \u201cLa Pitusilla\u201d<\/p>\n<p dir=\"ltr\">Estudio 1930<\/p>\n<p dir=\"ltr\">\u00a0<\/p>\n<p dir=\"ltr\">17) \u201cSuite de Jazz para orquesta de variedades\u201d &#8211; Vals No. 2<\/p>\n<p dir=\"ltr\">Versi\u00f3n vocal libre en franc\u00e9s: \u201cUn soir d\u00b4\u00e9t\u00e9\u201d &#8211; \u201cUna noche de verano\u201d<\/p>\n<p dir=\"ltr\">Nadine Nassif, soprano<\/p>\n<p dir=\"ltr\">Estudio 2019<\/p>\n<p dir=\"ltr\">\u00a0<\/p>\n<p dir=\"ltr\">18)\u00a0 \u201cSuite de Jazz para orquesta de variedades\u201d &#8211; Vals No. 2<\/p>\n<p dir=\"ltr\">Orquesta Filarm\u00f3nica Nacional de Rusia<\/p>\n<p dir=\"ltr\">Dir. Petr Gladysh<\/p>\n<p dir=\"ltr\">Grabaci\u00f3n en directo desde la Sala de Conciertos Tchaikovsky de Mosc\u00fa, 2021.<\/p>\n<p dir=\"ltr\">___________<\/p>\n<p dir=\"ltr\">*Importante: Todo el material incluido en este podcast se presenta \u00fanicamente con fines educativos y de divulgaci\u00f3n cultural.<\/p>\n<p dir=\"ltr\">__________<\/p>\n<h4>Ficha t\u00e9cnica<\/h4>\n<p>CONDUCTOR: Erick Zerme\u00f1o<\/p>\n<p>INVITADO\/A: Ninguno<\/p>\n<p>TRANSMISI\u00d3N: 2025<\/p>\n<p>MUSICALIZACI\u00d3N: Erick Zerme\u00f1o<\/p>\n<p>PRODUCCI\u00d3N: Erick Zerme\u00f1o<\/p>\n<h2>Emociona a otros con este contenido<\/h2>\n<h2><a href=\"https:\/\/www.imer.mx\/opus\/pagina-viva-la-opera\/\">P\u00e1gina de la  serie<\/a><\/h2>\n","protected":false},"excerpt":{"rendered":"<p>Erick Zerme\u00f1o presenta una semblanza un homenaje al compositor ruso Dmitri Shostakovich (1906-1975), para conmemorar los 50 a\u00f1os de su fallecimiento. Buon ascolto!<\/p>\n<p>\u00a1Viva la \u00d3pera!<\/p>\n<p>\u00a1Viva la \u00d3pera!<\/p>\n","protected":false},"author":187,"featured_media":59841,"comment_status":"open","ping_status":"open","sticky":false,"template":"","format":"standard","meta":{"wp_popup_display_lightbox":0,"wp_popup_suppress":"","wp_popup_trigger":"","wp_popup_trigger_amount":0,"wp_popup_disable_on_mobile":false,"footnotes":""},"categories":[48],"tags":[50,72,47],"class_list":["post-59790","post","type-post","status-publish","format-standard","has-post-thumbnail","hentry","category-viva-la-opera","tag-biografia","tag-historia","tag-opera","category-48","description-off"],"_links":{"self":[{"href":"https:\/\/www.imer.mx\/opus\/wp-json\/wp\/v2\/posts\/59790","targetHints":{"allow":["GET"]}}],"collection":[{"href":"https:\/\/www.imer.mx\/opus\/wp-json\/wp\/v2\/posts"}],"about":[{"href":"https:\/\/www.imer.mx\/opus\/wp-json\/wp\/v2\/types\/post"}],"author":[{"embeddable":true,"href":"https:\/\/www.imer.mx\/opus\/wp-json\/wp\/v2\/users\/187"}],"replies":[{"embeddable":true,"href":"https:\/\/www.imer.mx\/opus\/wp-json\/wp\/v2\/comments?post=59790"}],"version-history":[{"count":0,"href":"https:\/\/www.imer.mx\/opus\/wp-json\/wp\/v2\/posts\/59790\/revisions"}],"wp:featuredmedia":[{"embeddable":true,"href":"https:\/\/www.imer.mx\/opus\/wp-json\/wp\/v2\/media\/59841"}],"wp:attachment":[{"href":"https:\/\/www.imer.mx\/opus\/wp-json\/wp\/v2\/media?parent=59790"}],"wp:term":[{"taxonomy":"category","embeddable":true,"href":"https:\/\/www.imer.mx\/opus\/wp-json\/wp\/v2\/categories?post=59790"},{"taxonomy":"post_tag","embeddable":true,"href":"https:\/\/www.imer.mx\/opus\/wp-json\/wp\/v2\/tags?post=59790"}],"curies":[{"name":"wp","href":"https:\/\/api.w.org\/{rel}","templated":true}]}}