{"id":59656,"date":"2025-08-01T20:17:26","date_gmt":"2025-08-02T02:17:26","guid":{"rendered":"https:\/\/www.imer.mx\/opus\/?p=59656"},"modified":"2025-08-01T20:36:32","modified_gmt":"2025-08-02T02:36:32","slug":"bruno-de-sa-soprano-masculino","status":"publish","type":"post","link":"https:\/\/www.imer.mx\/opus\/bruno-de-sa-soprano-masculino\/","title":{"rendered":"Bruno de S\u00e1, soprano masculino"},"content":{"rendered":"<h2>Bruno de S\u00e1, soprano masculino<\/h2>\n<p>\t\t\t\t\t\t\t\t\t\t\t\t\t\t\t<img loading=\"lazy\" decoding=\"async\" width=\"756\" height=\"756\" src=\"https:\/\/www.imer.mx\/opus\/wp-content\/uploads\/sites\/13\/VLO-Bruno.jpg\" alt=\"\" \/>\t\t\t\t\t\t\t\t\t\t\t\t\t\t\t<\/p>\n<h4>Sinopsis<\/h4>\n<p dir=\"ltr\">Erick Zerme\u00f1o presenta una semblanza musical y entrevista con el soprano masculino brasile\u00f1o Bruno de S\u00e1, una voz \u00fanica de nuestro tiempo. Buon ascolto!<\/p>\n<p dir=\"ltr\">\u00a1Viva la \u00d3pera!<\/p>\n<p dir=\"ltr\">Setlist &#8211; Programa musical\u00a0<\/p>\n<p dir=\"ltr\">Bruno de S\u00e1, soprano masculino<\/p>\n<p dir=\"ltr\">*Entrevista<\/p>\n<p dir=\"ltr\">1) \u201cDi, che sogno o che deliro\u201d &#8211; \u201cDecidme, si sue\u00f1o o si deliro\u201d<\/p>\n<p dir=\"ltr\">Atto I &#8211; \u201cGriselda\u201d &#8211; Alessandro Scarlatti\u00a0<\/p>\n<p dir=\"ltr\">Dir. Francesco Corti\u00a0<\/p>\n<p dir=\"ltr\">Grabaci\u00f3n en directo del Teatro de \u00d3pera del Margrave, Bayreuth Alemania 2022<\/p>\n<p dir=\"ltr\">*Entrevista<\/p>\n<p dir=\"ltr\">2) \u201cCome nube che fugge dal vento\u201d &#8211; \u201cComo nube que huye del viento\u201d &#8211; Aria di Nerone<\/p>\n<p dir=\"ltr\">Atto III -\u201cAgrippina\u201d &#8211; Georg Friedrich Handel\u00a0<\/p>\n<p dir=\"ltr\">Dir. Francesco Corti<\/p>\n<p dir=\"ltr\">Grabaci\u00f3n en directo Teatro del Palacio de Drottningholm, Suecia 2021.<\/p>\n<p dir=\"ltr\">*Entrevista<\/p>\n<p>\u00a0<\/p>\n<p dir=\"ltr\">3) \u201cFier contrasto, aspra battaglia\u201d \u201cFeroz contraste, amarga batalla\u201d &#8211; Aria de Isacio\u00a0<\/p>\n<p dir=\"ltr\">Atto \u201cIrene\u201d &#8211; Johann Adolf Hasse<\/p>\n<p dir=\"ltr\">Dir. Aapo H\u00e4kkinen<\/p>\n<p dir=\"ltr\">Grabaci\u00f3n en directo de \u00f3pera-concierto del Musiikkitalo de Helsinki, 2019<\/p>\n<p dir=\"ltr\">*Entrevista<\/p>\n<p>\u00a0<\/p>\n<p dir=\"ltr\">4) \u201cPer noi soave e bella\u201d &#8211; \u201cPara nosotras dulce y hermosa\u201d &#8211; Aria di Arianna<\/p>\n<p dir=\"ltr\">Atto II &#8211; \u201cIl Giustino\u201d &#8211; Antonio Vivaldi\u00a0<\/p>\n<p dir=\"ltr\">Dir. Francesco Corti\u00a0<\/p>\n<p dir=\"ltr\">Grabaci\u00f3n en directo Teatro de \u00d3pera del Margrave, Bayreuth Alemania 2022<\/p>\n<p dir=\"ltr\">*Entrevista<\/p>\n<p>\u00a0<\/p>\n<p dir=\"ltr\">5) \u201cSon qual nave ch&#8217;agitata\u201d &#8211; \u201cSoy como una nave agitada\u201d &#8211; Aria di bravura Arbace<\/p>\n<p dir=\"ltr\">Atto III &#8211; \u201cArtaserse\u201d &#8211; Riccardo Broschi<\/p>\n<p dir=\"ltr\">Dir. Francesco Corti\u00a0<\/p>\n<p dir=\"ltr\">Grabaci\u00f3n en directo Teatro de \u00d3pera del Margrave, Bayreuth Alemania 2022.<\/p>\n<p>\u00a0<\/p>\n<p dir=\"ltr\">*Entrevista<\/p>\n<p>\u00a0<\/p>\n<p dir=\"ltr\">Encores o propinas:\u00a0<\/p>\n<p>\u00a0<\/p>\n<p dir=\"ltr\">\u201cBachianas brasileiras\u201d No. 5<\/p>\n<p dir=\"ltr\">Heitor Villa-Lobos<\/p>\n<p dir=\"ltr\">Arreglo de Juliana Ripke<\/p>\n<p>\u00a0<\/p>\n<p dir=\"ltr\">6) II. Dan\u00e7a &#8211; Martelo (Martillo) &#8211; Texto de Manuel Bandeira<\/p>\n<p dir=\"ltr\">Dir. Andr\u00e9 Dos Santos<\/p>\n<p dir=\"ltr\">Grabaci\u00f3n en directo del Theatro S\u00e3o Pedro,\u00a0 Porto Alegre, Rio Grande do Sul 2024.<\/p>\n<p>\u00a0<\/p>\n<p dir=\"ltr\">7) I. \u00c1ria &#8211; Cantilena &#8211; \u201cA tarde\u201d &#8211; \u201cLa tarde\u201d &#8211; Texto de Ruth Valladares Corr\u00eaa<\/p>\n<p dir=\"ltr\">Dir. Christian Macelaru<\/p>\n<p dir=\"ltr\">Concierto de Par\u00eds &#8211; Champ de Mars. 14 de julio, 2025.<\/p>\n<p>\u00a0<\/p>\n<p dir=\"ltr\">Entrevista virtual realizada al soprano masculino Bruno de S\u00e1 por Erick Zerme\u00f1o. Julio 2025.\u00a0<\/p>\n<p dir=\"ltr\">Agradecimiento por el apoyo para la realizaci\u00f3n de este programa, al maestro Jos\u00e9 Alfredo P\u00e1ramo.<\/p>\n<p dir=\"ltr\">___________<\/p>\n<p dir=\"ltr\">*Importante: Todo el material incluido en este podcast se presenta \u00fanicamente con fines educativos y de divulgaci\u00f3n cultural.<\/p>\n<p dir=\"ltr\">__________<\/p>\n<h4>Ficha t\u00e9cnica<\/h4>\n<p>CONDUCTOR: Erick Zerme\u00f1o<\/p>\n<p>INVITADO\/A: Ninguno<\/p>\n<p>TRANSMISI\u00d3N: 2025<\/p>\n<p>MUSICALIZACI\u00d3N: Erick Zerme\u00f1o<\/p>\n<p>PRODUCCI\u00d3N: Erick Zerme\u00f1o<\/p>\n<h2>Emociona a otros con este contenido<\/h2>\n<h2><a href=\"https:\/\/www.imer.mx\/opus\/pagina-viva-la-opera\/\">P\u00e1gina de la  serie<\/a><\/h2>\n","protected":false},"excerpt":{"rendered":"<p>Erick Zerme\u00f1o presenta una semblanza musical y entrevista con el soprano masculino brasile\u00f1o Bruno de S\u00e1, una voz \u00fanica de nuestro tiempo. Buon ascolto!<\/p>\n<p>\u00a1Viva la \u00d3pera!<\/p>\n","protected":false},"author":187,"featured_media":59657,"comment_status":"open","ping_status":"open","sticky":false,"template":"","format":"standard","meta":{"wp_popup_display_lightbox":0,"wp_popup_suppress":"","wp_popup_trigger":"","wp_popup_trigger_amount":0,"wp_popup_disable_on_mobile":false,"footnotes":""},"categories":[48],"tags":[72,47],"class_list":["post-59656","post","type-post","status-publish","format-standard","has-post-thumbnail","hentry","category-viva-la-opera","tag-historia","tag-opera","category-48","description-off"],"_links":{"self":[{"href":"https:\/\/www.imer.mx\/opus\/wp-json\/wp\/v2\/posts\/59656","targetHints":{"allow":["GET"]}}],"collection":[{"href":"https:\/\/www.imer.mx\/opus\/wp-json\/wp\/v2\/posts"}],"about":[{"href":"https:\/\/www.imer.mx\/opus\/wp-json\/wp\/v2\/types\/post"}],"author":[{"embeddable":true,"href":"https:\/\/www.imer.mx\/opus\/wp-json\/wp\/v2\/users\/187"}],"replies":[{"embeddable":true,"href":"https:\/\/www.imer.mx\/opus\/wp-json\/wp\/v2\/comments?post=59656"}],"version-history":[{"count":0,"href":"https:\/\/www.imer.mx\/opus\/wp-json\/wp\/v2\/posts\/59656\/revisions"}],"wp:featuredmedia":[{"embeddable":true,"href":"https:\/\/www.imer.mx\/opus\/wp-json\/wp\/v2\/media\/59657"}],"wp:attachment":[{"href":"https:\/\/www.imer.mx\/opus\/wp-json\/wp\/v2\/media?parent=59656"}],"wp:term":[{"taxonomy":"category","embeddable":true,"href":"https:\/\/www.imer.mx\/opus\/wp-json\/wp\/v2\/categories?post=59656"},{"taxonomy":"post_tag","embeddable":true,"href":"https:\/\/www.imer.mx\/opus\/wp-json\/wp\/v2\/tags?post=59656"}],"curies":[{"name":"wp","href":"https:\/\/api.w.org\/{rel}","templated":true}]}}