{"id":59275,"date":"2025-04-24T11:03:32","date_gmt":"2025-04-24T17:03:32","guid":{"rendered":"https:\/\/www.imer.mx\/opus\/?p=59275"},"modified":"2025-04-24T11:03:44","modified_gmt":"2025-04-24T17:03:44","slug":"entrevista-a-la-soprano-olivia-gorra","status":"publish","type":"post","link":"https:\/\/www.imer.mx\/opus\/entrevista-a-la-soprano-olivia-gorra\/","title":{"rendered":"Entrevista a la soprano Olivia Gorra"},"content":{"rendered":"<h2>Entrevista con la soprano Olivia Gorra<\/h2>\n<p>\t\t\t\t\t\t\t\t\t\t\t\t\t<img loading=\"lazy\" decoding=\"async\" width=\"756\" height=\"756\" src=\"https:\/\/www.imer.mx\/opus\/wp-content\/uploads\/sites\/13\/VLO-OG.jpg\" alt=\"\" \/>\t\t\t\t\t\t\t\t\t\t\t\t\t<\/p>\n<h4>Sinopsis<\/h4>\n<p dir=\"ltr\">Erick Zerme\u00f1o presenta una entrevista con la soprano veracruzana de nivel internacional Olivia Gorra, con un recorrido musical por su carrera. Buon ascolto!<\/p>\n<p dir=\"ltr\">\u00a1Viva la \u00d3pera!<\/p>\n<p dir=\"ltr\">Setlist &#8211; Olivia Gorra, soprano<\/p>\n<p dir=\"ltr\">Entrevista<\/p>\n<p dir=\"ltr\">1) \u201cEt Incarnatus est\u201d &#8211; \u201cY se encarn\u00f3 por obra del Esp\u00edritu Santo\u201c &#8211; Andante<\/p>\n<p dir=\"ltr\">Credo &#8211; Gran misa en do menor K. 427<\/p>\n<p dir=\"ltr\">Wolfgang Amadeus Mozart<\/p>\n<p dir=\"ltr\">James Demster, piano<\/p>\n<p dir=\"ltr\">Entrevista<\/p>\n<p dir=\"ltr\">2) Scena di Norma \u201cSediziose voci\u201d &#8211; \u201cCasta diva\u201d &#8211; \u201cAh bello a me ritorna\u201d<\/p>\n<p dir=\"ltr\">Atto I &#8211; \u201cNorma\u201d\u00a0<\/p>\n<p dir=\"ltr\">Vincenzo Bellini<\/p>\n<p dir=\"ltr\">Dir.<\/p>\n<p dir=\"ltr\">Grabaci\u00f3n en directo \u00d3pera de Fort Worth, Texas US, 2002.<\/p>\n<p dir=\"ltr\">Entrevista<\/p>\n<p dir=\"ltr\">3) \u201c\u00c9 strano\u2026Sempre libera\u201d &#8211; Scena di Violetta<\/p>\n<p dir=\"ltr\">Atto I &#8211; \u201cLa traviata\u201d &#8211; \u201cLa extraviada\u201d &#8211; Giuseppe Verdi<\/p>\n<p dir=\"ltr\">Leonardo Villeda, tenor<\/p>\n<p dir=\"ltr\">Dir. James Demster<\/p>\n<p dir=\"ltr\">Grabaci\u00f3n de estudio &#8211; \u00c1lbum \u201c\u00danica\u201d 2003.<\/p>\n<p dir=\"ltr\">Entrevista<\/p>\n<p dir=\"ltr\">4) \u201cS\u00ed, mi chiamano Mim\u00ed\u201d &#8211; \u201cS\u00ed, me dicen Mim\u00ed\u201d<\/p>\n<p dir=\"ltr\">Atto I &#8211; \u201cLa boh\u00e8me\u201d &#8211; Giacomo Puccini<\/p>\n<p dir=\"ltr\">Dir. James Demster<\/p>\n<p dir=\"ltr\">Grabaci\u00f3n de estudio &#8211; \u00c1lbum \u201c\u00danica\u201d 2003.<\/p>\n<p dir=\"ltr\">\u201cTurandot\u201d &#8211; Giacomo Puccini<\/p>\n<p dir=\"ltr\">5) \u201cSignore ascolta\u201d &#8211; \u201cSe\u00f1or, escuchad\u201d\u00a0<\/p>\n<p dir=\"ltr\">Atto I\u00a0<\/p>\n<p dir=\"ltr\">6) \u201cTu che di gel sei cinta\u201d &#8211; \u201cT\u00fa que de hielo est\u00e1s envuelta\u201d<\/p>\n<p dir=\"ltr\">Atto III<\/p>\n<p dir=\"ltr\">Li\u00f9: Olivia Gorra, soprano<\/p>\n<p dir=\"ltr\">Turandot: Audrey Stottler, soprano<\/p>\n<p dir=\"ltr\">Cal\u00e0f: Richard Margison, tenor<\/p>\n<p dir=\"ltr\">Dir. Marco Armiliato<\/p>\n<p dir=\"ltr\">Grabaci\u00f3n en directo. Debut. NY Febrero 27, 2003.<\/p>\n<p dir=\"ltr\">7) \u201cO mio babbino caro\u201d &#8211; \u201cOh papacito querido\u201d<\/p>\n<p dir=\"ltr\">\u201cIl Trittico\u201d &#8211; \u201cGianni Schicchi\u201d &#8211; Giacomo Puccini<\/p>\n<p dir=\"ltr\">Dir. James Demster<\/p>\n<p dir=\"ltr\">Grabaci\u00f3n de estudio &#8211; \u00c1lbum \u201c\u00danica\u201d 2003.<\/p>\n<p dir=\"ltr\">Entrevista<\/p>\n<p dir=\"ltr\">8) \u201cSummertime\u201d &#8211; \u201cEs tiempo de verano\u201d<\/p>\n<p dir=\"ltr\">Act I &#8211; \u201cPorgy and Bess\u201d &#8211; George Gershwin<\/p>\n<p dir=\"ltr\">Dir. Enrique Arturo Diemecke<\/p>\n<p dir=\"ltr\">Grabaci\u00f3n en directo. \u00d3pera de Montpellier, Francia, 2005.<\/p>\n<p dir=\"ltr\">9) \u201cYesterday\u201d &#8211; \u201cAyer\u201d &#8211; Paul McCarney<\/p>\n<p dir=\"ltr\">James Demster, piano<\/p>\n<p dir=\"ltr\">Grabaci\u00f3n de estudio 2005.<\/p>\n<p dir=\"ltr\">Entrevista\u00a0<\/p>\n<p dir=\"ltr\">Encores o propinas:<\/p>\n<p dir=\"ltr\">Agust\u00edn Lara<\/p>\n<p dir=\"ltr\">10) \u201cRival\u201d &#8211; Vals<\/p>\n<p dir=\"ltr\">Arr. Ing. Jos\u00e9 de la Herr\u00e1n y del Dr. Rafael \u00c1ngel Barrio<\/p>\n<p dir=\"ltr\">James Demster, piano<\/p>\n<p dir=\"ltr\">Estudio. \u00c1lbum \u201cPecadora\u201d 2004<\/p>\n<p dir=\"ltr\">11) \u201cNoche de ronda\u201d (1935)<\/p>\n<p dir=\"ltr\">12) Veracruz (1936)<\/p>\n<p dir=\"ltr\">Coro: Madrigalistas de Bellas Artes<\/p>\n<p dir=\"ltr\">Dir. Enrique Patr\u00f3n de Rueda<\/p>\n<p dir=\"ltr\">Grabaci\u00f3n en directo para la reinauguraci\u00f3n del Teatro del Palacio de Bellas Artes, 2010.<\/p>\n<p>Olivia Gorra, soprano.\u00a0Reedici\u00f3n de la entrevista realizada en directo por Erick Zerme\u00f1o en la cabina de Opus 94 de IMER en noviembre, 2005.<\/p>\n<p dir=\"ltr\">___________<\/p>\n<p dir=\"ltr\">Importante: Todo el material incluido aqu\u00ed se presenta \u00fanicamente con fines educativos y de divulgaci\u00f3n cultural.<\/p>\n<p dir=\"ltr\">__________<\/p>\n<h4>Ficha t\u00e9cnica<\/h4>\n<p>CONDUCTOR: Erick Zerme\u00f1o<\/p>\n<p>INVITADO\/A: Ninguno<\/p>\n<p>TRANSMISI\u00d3N: 2025<\/p>\n<p>MUSICALIZACI\u00d3N: Erick Zerme\u00f1o<\/p>\n<p>PRODUCCI\u00d3N: Erick Zerme\u00f1o<\/p>\n<h2>Emociona a otros con este contenido<\/h2>\n<h2><a href=\"https:\/\/www.imer.mx\/opus\/pagina-viva-la-opera\/\">P\u00e1gina de la  serie<\/a><\/h2>\n","protected":false},"excerpt":{"rendered":"<p>Erick Zerme\u00f1o presenta una entrevista con la soprano veracruzana de nivel internacional Olivia Gorra, con un recorrido musical por su carrera. Buon ascolto!<\/p>\n","protected":false},"author":187,"featured_media":59276,"comment_status":"open","ping_status":"open","sticky":false,"template":"","format":"standard","meta":{"wp_popup_display_lightbox":0,"wp_popup_suppress":"","wp_popup_trigger":"","wp_popup_trigger_amount":0,"wp_popup_disable_on_mobile":false,"footnotes":""},"categories":[48],"tags":[72,47],"class_list":["post-59275","post","type-post","status-publish","format-standard","has-post-thumbnail","hentry","category-viva-la-opera","tag-historia","tag-opera","category-48","description-off"],"_links":{"self":[{"href":"https:\/\/www.imer.mx\/opus\/wp-json\/wp\/v2\/posts\/59275","targetHints":{"allow":["GET"]}}],"collection":[{"href":"https:\/\/www.imer.mx\/opus\/wp-json\/wp\/v2\/posts"}],"about":[{"href":"https:\/\/www.imer.mx\/opus\/wp-json\/wp\/v2\/types\/post"}],"author":[{"embeddable":true,"href":"https:\/\/www.imer.mx\/opus\/wp-json\/wp\/v2\/users\/187"}],"replies":[{"embeddable":true,"href":"https:\/\/www.imer.mx\/opus\/wp-json\/wp\/v2\/comments?post=59275"}],"version-history":[{"count":0,"href":"https:\/\/www.imer.mx\/opus\/wp-json\/wp\/v2\/posts\/59275\/revisions"}],"wp:featuredmedia":[{"embeddable":true,"href":"https:\/\/www.imer.mx\/opus\/wp-json\/wp\/v2\/media\/59276"}],"wp:attachment":[{"href":"https:\/\/www.imer.mx\/opus\/wp-json\/wp\/v2\/media?parent=59275"}],"wp:term":[{"taxonomy":"category","embeddable":true,"href":"https:\/\/www.imer.mx\/opus\/wp-json\/wp\/v2\/categories?post=59275"},{"taxonomy":"post_tag","embeddable":true,"href":"https:\/\/www.imer.mx\/opus\/wp-json\/wp\/v2\/tags?post=59275"}],"curies":[{"name":"wp","href":"https:\/\/api.w.org\/{rel}","templated":true}]}}