{"id":58986,"date":"2025-01-25T14:00:44","date_gmt":"2025-01-25T20:00:44","guid":{"rendered":"https:\/\/www.imer.mx\/opus\/?p=58986"},"modified":"2025-04-01T14:08:13","modified_gmt":"2025-04-01T20:08:13","slug":"el-principe-de-los-instrumentos-y-el-instrumento-de-principes-38","status":"publish","type":"post","link":"https:\/\/www.imer.mx\/opus\/el-principe-de-los-instrumentos-y-el-instrumento-de-principes-38\/","title":{"rendered":"El pr\u00edncipe de los instrumentos y el instrumento de pr\u00edncipes 38"},"content":{"rendered":"<h4>Sinopsis<\/h4>\n<p>Trig\u00e9simo octavo programa de la serie <strong>&#8220;El pr\u00edncipe de los instrumentos y el instrumento de pr\u00edncipes&#8221;<\/strong> con la obra completa para barit\u00f3n de <strong>Franz Joseph Haydn<\/strong>. En esta ocasi\u00f3n escucharemos los <strong>Tr\u00edos para barit\u00f3n, viola y cello no.97<\/strong> y <strong>no.5 en su versi\u00f3n B<\/strong> y el <strong>Divertimento a 8<\/strong> (u Octeto para barit\u00f3n, 2 violines, viola, violonchelo, contrabajo y 2 cornos) <strong>no. 12<\/strong>. Interpretan el <strong>Esterh\u00e1zy Ensemble<\/strong> y el <strong>Piccolo Concerto Wien<\/strong>.<\/p>\n<h4>Ficha t\u00e9cnica<\/h4>\n<p>CONDUCTOR: Lucas Hern\u00e1ndez Bico<\/p>\n<p>INVITADO\/A: Ninguno<\/p>\n<p>GRABACI\u00d3N:\u00a0 23 enero, 2024<\/p>\n<p>TRANSMISI\u00d3N: 25 enero, 2024<\/p>\n<p>DURACI\u00d3N: 53&#8242;<\/p>\n<p>M\u00daSICALIZACI\u00d3N: Lucas Hern\u00e1ndez Bico<\/p>\n<p>PRODUCCI\u00d3N: Lucas Hern\u00e1ndez Bico<\/p>\n<h2>Emociona a otros con este contenido<\/h2>\n<h2><a href=\"https:\/\/www.imer.mx\/opus\/pagina-viva-la-opera\/\">P\u00e1gina de la  serie<\/a><\/h2>\n","protected":false},"excerpt":{"rendered":"<p>Trig\u00e9simo octavo programa de la serie &#8220;El pr\u00edncipe de los instrumentos y el instrumento de pr\u00edncipes&#8221; con la obra completa para barit\u00f3n de Franz Joseph Haydn. En esta ocasi\u00f3n escucharemos los Tr\u00edos para barit\u00f3n, viola y cello no.97 y no.5 en su versi\u00f3n B y el Divertimento a 8 (u Octeto para barit\u00f3n, 2 violines, viola, violonchelo, contrabajo y 2 cornos) no. 12. Interpretan el Esterh\u00e1zy Ensemble y el Piccolo Concerto Wien.<\/p>\n","protected":false},"author":6,"featured_media":57685,"comment_status":"closed","ping_status":"open","sticky":false,"template":"","format":"standard","meta":{"wp_popup_display_lightbox":0,"wp_popup_suppress":"","wp_popup_trigger":"","wp_popup_trigger_amount":0,"wp_popup_disable_on_mobile":false,"footnotes":""},"categories":[33],"tags":[66],"class_list":["post-58986","post","type-post","status-publish","format-standard","has-post-thumbnail","hentry","category-notas-y-claves","tag-clasica","category-33","description-off"],"_links":{"self":[{"href":"https:\/\/www.imer.mx\/opus\/wp-json\/wp\/v2\/posts\/58986","targetHints":{"allow":["GET"]}}],"collection":[{"href":"https:\/\/www.imer.mx\/opus\/wp-json\/wp\/v2\/posts"}],"about":[{"href":"https:\/\/www.imer.mx\/opus\/wp-json\/wp\/v2\/types\/post"}],"author":[{"embeddable":true,"href":"https:\/\/www.imer.mx\/opus\/wp-json\/wp\/v2\/users\/6"}],"replies":[{"embeddable":true,"href":"https:\/\/www.imer.mx\/opus\/wp-json\/wp\/v2\/comments?post=58986"}],"version-history":[{"count":0,"href":"https:\/\/www.imer.mx\/opus\/wp-json\/wp\/v2\/posts\/58986\/revisions"}],"wp:featuredmedia":[{"embeddable":true,"href":"https:\/\/www.imer.mx\/opus\/wp-json\/wp\/v2\/media\/57685"}],"wp:attachment":[{"href":"https:\/\/www.imer.mx\/opus\/wp-json\/wp\/v2\/media?parent=58986"}],"wp:term":[{"taxonomy":"category","embeddable":true,"href":"https:\/\/www.imer.mx\/opus\/wp-json\/wp\/v2\/categories?post=58986"},{"taxonomy":"post_tag","embeddable":true,"href":"https:\/\/www.imer.mx\/opus\/wp-json\/wp\/v2\/tags?post=58986"}],"curies":[{"name":"wp","href":"https:\/\/api.w.org\/{rel}","templated":true}]}}