{"id":5823,"date":"2014-03-03T14:45:48","date_gmt":"2014-03-03T20:45:48","guid":{"rendered":"http:\/\/opus.imer.gob.mx\/?p=5823"},"modified":"2016-06-08T14:57:20","modified_gmt":"2016-06-08T19:57:20","slug":"conciertos-radiofonicos-martes-4-de-marzo-a-partir-de-las-1700-horas-leonora-san-german-violin-y-carlos-adriel-salmeron-piano-obras-de-beethoven-schubert-y-prokofiev-asista","status":"publish","type":"post","link":"https:\/\/www.imer.mx\/opus\/conciertos-radiofonicos-martes-4-de-marzo-a-partir-de-las-1700-horas-leonora-san-german-violin-y-carlos-adriel-salmeron-piano-obras-de-beethoven-schubert-y-prokofiev-asista\/","title":{"rendered":"Conciertos radiof\u00f3nicos. Martes 4 de marzo a partir de las 17:00 horas: Leonora San Germ\u00e1n, viol\u00edn y Carlos Adriel Salmer\u00f3n, piano. Obras de Beethoven, Schubert y Prokofiev. \u00a1Asista!"},"content":{"rendered":"<div id=\"attachment_5824\" style=\"width: 874px\" class=\"wp-caption aligncenter\"><a href=\"http:\/\/opus.imer.gob.mx\/conciertos-radiofonicos-martes-4-de-marzo-a-partir-de-las-1700-horas-leonora-san-german-violin-y-carlos-adriel-salmeron-piano-obras-de-beethoven-schubert-y-prokofiev-asista\/leonora-copia-tile\/\" rel=\"attachment wp-att-5824\"><img loading=\"lazy\" decoding=\"async\" aria-describedby=\"caption-attachment-5824\" class=\" wp-image-5824\" alt=\"\" src=\"https:\/\/www.imer.mx\/opus\/wp-content\/uploads\/sites\/13\/2014\/03\/leonora-copia-tile.jpg\" width=\"864\" height=\"324\" srcset=\"https:\/\/www.imer.mx\/opus\/wp-content\/uploads\/sites\/13\/2014\/03\/leonora-copia-tile.jpg 1080w, https:\/\/www.imer.mx\/opus\/wp-content\/uploads\/sites\/13\/2014\/03\/leonora-copia-tile-300x112.jpg 300w, https:\/\/www.imer.mx\/opus\/wp-content\/uploads\/sites\/13\/2014\/03\/leonora-copia-tile-1024x384.jpg 1024w\" sizes=\"auto, (max-width: 864px) 100vw, 864px\" \/><\/a><p id=\"caption-attachment-5824\" class=\"wp-caption-text\">Leonora San Germ\u00e1n-Carlos Adriel Salmer\u00f3n.<\/p><\/div>\n<p>*La serie<b> \u201cConciertos radiof\u00f3nicos\u201d<\/b> presenta a la violinista <b>Leonora San Germ\u00e1n <\/b>y al pianista<b> Carlos Adriel Salmer\u00f3n. <\/b>Interpretar\u00e1n la Sonata en la menor D.385 de Franz Schubert; 5 Melod\u00edas op.35 de Sergei Prokofiev y la Sonata en re mayor no.1 op.2 de Ludwig van Beethoven. <b>Martes 4 de marzo<\/b> a las 17:00 horas en el Estudio A del IMER. Mayorazgo no.83 colonia Xoco. \u00a1Trasmisi\u00f3n en vivo! Confirme su asistencia llamando a los tel\u00e9fonos 5628-1717 y 5604-8124. Cupo limitado.<\/p>\n","protected":false},"excerpt":{"rendered":"<p>*La serie \u201cConciertos radiof\u00f3nicos\u201d presenta a la violinista Leonora San Germ\u00e1n y al pianista Carlos Adriel Salmer\u00f3n. Interpretar\u00e1n la Sonata en la menor D.385 de Franz Schubert; 5 Melod\u00edas op.35 de Sergei Prokofiev y la Sonata en re mayor no.1 op.2 de Ludwig van Beethoven. Martes 4 de marzo a las 17:00 horas en el&hellip;<\/p>\n","protected":false},"author":6,"featured_media":0,"comment_status":"closed","ping_status":"closed","sticky":false,"template":"","format":"standard","meta":{"wp_popup_display_lightbox":0,"wp_popup_suppress":"","wp_popup_trigger":"","wp_popup_trigger_amount":0,"wp_popup_disable_on_mobile":false,"footnotes":""},"categories":[9],"tags":[],"class_list":["post-5823","post","type-post","status-publish","format-standard","hentry","category-sesiones-opus","category-9","description-off"],"_links":{"self":[{"href":"https:\/\/www.imer.mx\/opus\/wp-json\/wp\/v2\/posts\/5823","targetHints":{"allow":["GET"]}}],"collection":[{"href":"https:\/\/www.imer.mx\/opus\/wp-json\/wp\/v2\/posts"}],"about":[{"href":"https:\/\/www.imer.mx\/opus\/wp-json\/wp\/v2\/types\/post"}],"author":[{"embeddable":true,"href":"https:\/\/www.imer.mx\/opus\/wp-json\/wp\/v2\/users\/6"}],"replies":[{"embeddable":true,"href":"https:\/\/www.imer.mx\/opus\/wp-json\/wp\/v2\/comments?post=5823"}],"version-history":[{"count":0,"href":"https:\/\/www.imer.mx\/opus\/wp-json\/wp\/v2\/posts\/5823\/revisions"}],"wp:attachment":[{"href":"https:\/\/www.imer.mx\/opus\/wp-json\/wp\/v2\/media?parent=5823"}],"wp:term":[{"taxonomy":"category","embeddable":true,"href":"https:\/\/www.imer.mx\/opus\/wp-json\/wp\/v2\/categories?post=5823"},{"taxonomy":"post_tag","embeddable":true,"href":"https:\/\/www.imer.mx\/opus\/wp-json\/wp\/v2\/tags?post=5823"}],"curies":[{"name":"wp","href":"https:\/\/api.w.org\/{rel}","templated":true}]}}