{"id":58169,"date":"2025-01-27T17:42:08","date_gmt":"2025-01-27T23:42:08","guid":{"rendered":"https:\/\/www.imer.mx\/opus\/?p=58169"},"modified":"2025-01-27T17:52:38","modified_gmt":"2025-01-27T23:52:38","slug":"homenaje-al-tenor-giuseppe-di-stefano-segunda-parte","status":"publish","type":"post","link":"https:\/\/www.imer.mx\/opus\/homenaje-al-tenor-giuseppe-di-stefano-segunda-parte\/","title":{"rendered":"Homenaje al tenor Giuseppe di Stefano &#8211; Segunda parte"},"content":{"rendered":"<h2>Homenaje al tenor Giuseppe di Stefano &#8211; Segunda parte<\/h2>\n<figure>\n\t\t\t\t\t\t\t\t\t\t<img loading=\"lazy\" decoding=\"async\" width=\"756\" height=\"756\" src=\"https:\/\/www.imer.mx\/opus\/wp-content\/uploads\/sites\/13\/VLO-Pippo-2.jpg\" alt=\"\" \/><figcaption><\/figcaption><\/figure>\n<h4>Sinopsis<\/h4>\n<p>Erick Zerme\u00f1o presenta la segunda parte del homenaje al tenor siciliano Giuseppe di Stefano (1921-2008), con una entrevista realizada en 1978 por el director de escena, el maestro Don Carlos D\u00edaz Du-Pond. <br \/>Presentamos la reedici\u00f3n del homenaje en dos partes al tenor Giuseppe di Stefano, el cual fue grabado en directo en la cabina de Opus 94 en 2008, justo en los d\u00edas en que falleci\u00f3 tan apreciado artista.<br \/>Es por ello, que notar\u00e1n aquella emoci\u00f3n a trav\u00e9s del micr\u00f3fono y que hoy nuevamente comparto con ustedes. Buon ascolto! <br \/>\u00a1Viva la \u00d3pera!<\/p>\n<p><strong>Setlist &#8211;<\/strong> Homenaje al tenor Giuseppe di Stefano, segunda parte<\/p>\n<p><strong>1) \u201cE lucevan le stelle\u201d \u201cTosca\u201d &#8211;<\/strong> Giacomo Puccini Dir. Ra\u00fal Lavista Concierto radial en directo para la General Motors, 1952<\/p>\n<p>2) Fragmento de la entrevista realizada en M\u00e9xico por el director de escena Don Carlos D\u00edaz Du-Pond a Giuseppe di Stefano, 1978.<\/p>\n<p>3) <strong>Final del dueto de \u201cRigoletto\u201d<\/strong> &#8211; Giuseppe Verdi Maria Meneghini Callas, soprano Dir. Umberto Mugnai Grabaci\u00f3n radial en directo, Teatro del Palacio de Bellas Artes, 1952.<\/p>\n<p>4) <strong>\u201cForse la soglia attinse\u201d \u201cUn ballo in maschera\u201d<\/strong> &#8211; Giuseppe Verdi Dir. Renato Cellini Grabaci\u00f3n radial en directo, Teatro del Palacio de Bellas Artes, 1960.<\/p>\n<p>5) <strong>\u201cImprovviso\u201d \u201cAndrea Ch\u00e9nier\u201d<\/strong> &#8211; Umberto Giordano Dir. Anton Rocco Guadagno Grabaci\u00f3n radial en directo, Teatro del Palacio de Bellas Artes, 1961.<\/p>\n<p>6) <strong>\u201cScena della borsa\u201d (fragmento) Atto III \u201cLa traviata\u201d<\/strong> &#8211; \u201cLa extraviada\u201d &#8211; Giuseppe Verdi Anna Moffo, soprano Dir. Nicola Rescigno Grabaci\u00f3n radial en directo, Teatro del Palacio de Bellas Artes, 1961.<\/p>\n<p>7) <strong>\u201cNiun mi tema\u201d \u201cOtello\u201d &#8211;<\/strong> Giuseppe Verdi Dir. Allen Jensen Pasadena, California 1966<\/p>\n<p>8) <strong>\u201cMarechiare\u201d &#8211;<\/strong> Giancarlo Chiaramello<\/p>\n<p>9) <strong>\u201cMamma mia che vo\u00b4 sape\u00b4\u201d<\/strong> &#8211; Ferdinando Russo Dir. Ra\u00fal Lavista Concierto radial en directo para la General Motors, 1952<\/p>\n<p>10) <strong>\u201cAmapola\u201d &#8211;<\/strong> Lacalle Dir. Henry Ottone Lausana 1945<\/p>\n<p>11)<strong> Entrevista<\/strong><\/p>\n<p>12) <strong>\u201cSerenata\u201d<\/strong> &#8211; Franz Schubert Ra\u00fal Lavista, piano Grabaci\u00f3n de estudio de la banda sonora de la pel\u00edcula \u201cLa cobarde\u201d de Julio Bracho 1952.<\/p>\n<p>13) <strong>\u201cAy, ay, ay\u201d<\/strong> &#8211; Freire<\/p>\n<p>14) <strong>\u201cGranadinas\u201d \u201cAdi\u00f3s Granada\u201d<\/strong> &#8211; Tom\u00e1s Barrera \u2013 Rafael Calleja Zarzuela <strong>\u201cEmigrantes\u201d<\/strong> &#8211; Romanza del muchacho andaluz Tordiyo. Dir. Ra\u00fal Lavista Concierto radial en directo para la General Motors, 1952 Encore o propina<\/p>\n<p>15) <strong>\u201cJ\u00farame\u201d<\/strong> &#8211; Mar\u00eda Grever Alfredo Dom\u00ednguez, piano Homenaje en el Teatro del Palacio de Bellas Artes 1993. ___________<\/p>\n<p>Importante: Todo el material incluido aqu\u00ed se presenta \u00fanicamente con fines educativos y de divulgaci\u00f3n cultural. __________<\/p>\n<p>\u00a0\t\t<\/p>\n<h4>Ficha t\u00e9cnica<\/h4>\n<p>CONDUCTOR: Erick Zerme\u00f1o<\/p>\n<p>INVITADO\/A: Ninguno.<\/p>\n<p>TRANSMISI\u00d3N: enero 2025<\/p>\n<p>MUSICALIZACI\u00d3N: Erick Zerme\u00f1o<\/p>\n<p>PRODUCCI\u00d3N: Erick Zerme\u00f1o<\/p>\n<h2>Emociona a otros con este contenido<\/h2>\n<h2><a href=\"https:\/\/www.imer.mx\/opus\/pagina-viva-la-opera\/\">P\u00e1gina de la  serie<\/a><\/h2>\n","protected":false},"excerpt":{"rendered":"<p>Erick Zerme\u00f1o presenta la segunda parte del homenaje al tenor siciliano Giuseppe di Stefano (1921-2008), con una entrevista realizada en 1978 por el director de escena, el maestro Don Carlos D\u00edaz Du-Pond.<br \/>\nPresentamos la reedici\u00f3n del homenaje en dos partes al tenor Giuseppe di Stefano, el cual fue grabado en directo en la cabina de Opus 94 en 2008, justo en los d\u00edas en que falleci\u00f3 tan apreciado artista. Es por ello, que notar\u00e1n aquella emoci\u00f3n a trav\u00e9s del micr\u00f3fono y que hoy nuevamente comparto con ustedes. Buon ascolto!<\/p>\n<p>\u00a1Viva la \u00d3pera!<\/p>\n","protected":false},"author":187,"featured_media":58170,"comment_status":"open","ping_status":"open","sticky":false,"template":"","format":"standard","meta":{"wp_popup_display_lightbox":0,"wp_popup_suppress":"","wp_popup_trigger":"","wp_popup_trigger_amount":0,"wp_popup_disable_on_mobile":false,"footnotes":""},"categories":[48],"tags":[64,47],"class_list":["post-58169","post","type-post","status-publish","format-standard","has-post-thumbnail","hentry","category-viva-la-opera","tag-mujeres","tag-opera","category-48","description-off"],"_links":{"self":[{"href":"https:\/\/www.imer.mx\/opus\/wp-json\/wp\/v2\/posts\/58169","targetHints":{"allow":["GET"]}}],"collection":[{"href":"https:\/\/www.imer.mx\/opus\/wp-json\/wp\/v2\/posts"}],"about":[{"href":"https:\/\/www.imer.mx\/opus\/wp-json\/wp\/v2\/types\/post"}],"author":[{"embeddable":true,"href":"https:\/\/www.imer.mx\/opus\/wp-json\/wp\/v2\/users\/187"}],"replies":[{"embeddable":true,"href":"https:\/\/www.imer.mx\/opus\/wp-json\/wp\/v2\/comments?post=58169"}],"version-history":[{"count":0,"href":"https:\/\/www.imer.mx\/opus\/wp-json\/wp\/v2\/posts\/58169\/revisions"}],"wp:featuredmedia":[{"embeddable":true,"href":"https:\/\/www.imer.mx\/opus\/wp-json\/wp\/v2\/media\/58170"}],"wp:attachment":[{"href":"https:\/\/www.imer.mx\/opus\/wp-json\/wp\/v2\/media?parent=58169"}],"wp:term":[{"taxonomy":"category","embeddable":true,"href":"https:\/\/www.imer.mx\/opus\/wp-json\/wp\/v2\/categories?post=58169"},{"taxonomy":"post_tag","embeddable":true,"href":"https:\/\/www.imer.mx\/opus\/wp-json\/wp\/v2\/tags?post=58169"}],"curies":[{"name":"wp","href":"https:\/\/api.w.org\/{rel}","templated":true}]}}