{"id":57881,"date":"2025-01-10T08:30:00","date_gmt":"2025-01-10T14:30:00","guid":{"rendered":"https:\/\/www.imer.mx\/opus\/?p=57881"},"modified":"2025-01-07T16:40:28","modified_gmt":"2025-01-07T22:40:28","slug":"homenaje-al-tenor-giuseppe-di-stefano-primera-parte","status":"publish","type":"post","link":"https:\/\/www.imer.mx\/opus\/homenaje-al-tenor-giuseppe-di-stefano-primera-parte\/","title":{"rendered":"Homenaje al tenor Giuseppe di Stefano &#8211; Primera parte"},"content":{"rendered":"<h2>Homenaje al tenor Giuseppe di Stefano &#8211; Primera parte<\/h2>\n<figure>\n\t\t\t\t\t\t\t\t\t\t<img loading=\"lazy\" decoding=\"async\" width=\"756\" height=\"756\" src=\"https:\/\/www.imer.mx\/opus\/wp-content\/uploads\/sites\/13\/VLO-10-Pippo-1-enero-25.jpg\" alt=\"\"><figcaption><\/figcaption><\/figure>\n<h4>Sinopsis<\/h4>\n<p dir=\"ltr\">Erick Zerme\u00f1o presenta la primera parte de un homenaje al tenor siciliano Giuseppe di Stefano (1921-2008), con una entrevista realizada en 1978 por el director de escena, el maestro Don Carlos D\u00edaz Du-Pond. Buon ascolto!<\/p>\n<p dir=\"ltr\">\u00a1Viva la \u00d3pera!<\/p>\n<p dir=\"ltr\">Setlist &#8211; Homenaje al tenor Giuseppe di Stefano, primera parte<\/p>\n<p dir=\"ltr\">\u201cMessa da Requiem\u201d &#8211; Giuseppe Verdi<\/p>\n<p dir=\"ltr\">1) \u201cIngemisco\u201d&nbsp;<\/p>\n<p dir=\"ltr\">Dir. Arturo Toscanini<\/p>\n<p dir=\"ltr\">Estudio 1951<\/p>\n<p dir=\"ltr\">2) Fragmento de la entrevista realizada en M\u00e9xico por el director de escena Don Carlos D\u00edaz Du-Pond a Giuseppe di Stefano, 1978.<\/p>\n<p dir=\"ltr\">3) \u201cOstias\u201d&nbsp;<\/p>\n<p dir=\"ltr\">Dir. Arturo de Sabata<\/p>\n<p dir=\"ltr\">Estudio 1954<\/p>\n<p dir=\"ltr\">4) \u201cQuesta o quella\u201d&nbsp;<\/p>\n<p dir=\"ltr\">5) Fragmento de la entrevista realizada en M\u00e9xico por el director de escena Don Carlos D\u00edaz Du-Pond a Giuseppe di Stefano, 1978.<\/p>\n<p dir=\"ltr\">6) \u201cElla mi fu rapita\u201d<\/p>\n<p dir=\"ltr\">7) \u201cLa donna \u00e8 mobile\u201d (con bis)<\/p>\n<p dir=\"ltr\">\u201cRigoletto\u201d &#8211; Giuseppe Verdi<\/p>\n<p dir=\"ltr\">Dir. Renato Cellini<\/p>\n<p dir=\"ltr\">Grabaci\u00f3n radial en directo del debut de Di Stefano en el Teatro del Palacio de Bellas Artes, 1948<\/p>\n<p dir=\"ltr\">8) \u201cSerenata sincera\u201d&nbsp;<\/p>\n<p dir=\"ltr\">Grabaci\u00f3n en directo programa de televisi\u00f3n, 1954<\/p>\n<p dir=\"ltr\">9) \u201cLa leggenda del pastore\u201d &#8211; Denzi<\/p>\n<p dir=\"ltr\">Lausana 1945<\/p>\n<p dir=\"ltr\">10) Entrevista<\/p>\n<p dir=\"ltr\">11) \u201cUn d\u00ec felice eterea\u201d<\/p>\n<p dir=\"ltr\">\u201cLa traviata\u201d &#8211; \u201cLa extraviada\u201d &#8211; Giuseppe Verdi<\/p>\n<p dir=\"ltr\">Nadine Conner, soprano<\/p>\n<p dir=\"ltr\">Dir. Eduardo Hern\u00e1ndez Moncada<\/p>\n<p dir=\"ltr\">Grabaci\u00f3n radial en directo, Teatro del Palacio de Bellas Artes, 1948.<\/p>\n<p dir=\"ltr\">12) \u201cLe r\u00eave\u201d \u201cEn fermant\u201d (+bis)<\/p>\n<p dir=\"ltr\">13) \u201cAh fuyez! Douce image\u201d<\/p>\n<p dir=\"ltr\">\u201cManon\u201d &#8211; Jules Massenet<\/p>\n<p dir=\"ltr\">Irma Gonz\u00e1lez, soprano<\/p>\n<p dir=\"ltr\">Dir. Renato Cellini<\/p>\n<p dir=\"ltr\">Grabaci\u00f3n radial en directo, Teatro del Palacio de Bellas Artes, 1948.<\/p>\n<p dir=\"ltr\">14) Serenata \u201cEcco ridente\u201d<\/p>\n<p dir=\"ltr\">\u201cIl barbiere di Siviglia\u201d<\/p>\n<p dir=\"ltr\">Dir. Renato Cellini<\/p>\n<p dir=\"ltr\">Grabaci\u00f3n radial en directo, Teatro del Palacio de Bellas Artes, 1949.<\/p>\n<p dir=\"ltr\">15) \u201cFavorita del R\u00e8\u2026Spirto gentil\u201d (+ bis)<\/p>\n<p dir=\"ltr\">\u201cLa Favorita\u201d &#8211; Gaetano Donizetti<\/p>\n<p dir=\"ltr\">Dir. Guido Picco<\/p>\n<p dir=\"ltr\">Grabaci\u00f3n radial en directo, Teatro del Palacio de Bellas Artes, 1949.<\/p>\n<p dir=\"ltr\">16) \u201cAh non credevi tu\u201d (italiano)<\/p>\n<p dir=\"ltr\">\u201cMignon\u201d &#8211; Ambroise Thomas&nbsp;<\/p>\n<p dir=\"ltr\">Dir. Guido Picco<\/p>\n<p dir=\"ltr\">Grabaci\u00f3n radial en directo, Teatro del Palacio de Bellas Artes, 1949.<\/p>\n<p dir=\"ltr\">17) \u201cAh non mi ridestar\u201d<\/p>\n<p dir=\"ltr\">\u201cWerther\u201d &#8211; Jules Massenet<\/p>\n<p dir=\"ltr\">Dir. Renato Cellini<\/p>\n<p dir=\"ltr\">Grabaci\u00f3n radial en directo, Teatro del Palacio de Bellas Artes, 1949.<\/p>\n<p dir=\"ltr\">18) \u201cA te o cara\u201d<\/p>\n<p dir=\"ltr\">\u201cI puritani di Scozia\u201d &#8211; Vincenzo Bellini<\/p>\n<p dir=\"ltr\">Dir. Guido Picco<\/p>\n<p dir=\"ltr\">Grabaci\u00f3n radial en directo, Teatro del Palacio de Bellas Artes, 1952.<\/p>\n<p dir=\"ltr\">19) \u201cUna furtiva lacrima\u201d<\/p>\n<p dir=\"ltr\">\u201cL\u00b4elisir d\u00b4amore\u201d &#8211; Gaetano Donizetti<\/p>\n<p dir=\"ltr\">Dir. Nino Sanzogno<\/p>\n<p dir=\"ltr\">Grabaci\u00f3n en directo. Edimburgo,1957<\/p>\n<p dir=\"ltr\">20) \u201cLa paloma\u201d &#8211; Sebasti\u00e1n Yradier<\/p>\n<p dir=\"ltr\">Estudio. Lausanne 1945<\/p>\n<p dir=\"ltr\">21) \u201cArrivederci\u201d &#8211; Giorgio Calabrese<\/p>\n<p dir=\"ltr\">Dir. Gualtiero Malgoni<\/p>\n<p dir=\"ltr\">Estudio 1966<\/p>\n<p dir=\"ltr\">22) \u201cCore \u00b4ngrato\u201d &#8211; Salvatore Cardillo<\/p>\n<p dir=\"ltr\">Dir. Iller Pataccini<\/p>\n<p dir=\"ltr\">Estudio 1964<\/p>\n<p dir=\"ltr\">___________<\/p>\n<p dir=\"ltr\">Importante: Todo el material incluido aqu\u00ed se presenta \u00fanicamente con fines educativos y de divulgaci\u00f3n cultural.<\/p>\n<p dir=\"ltr\">__________<\/p>\n<h4>Ficha t\u00e9cnica<\/h4>\n<p>CONDUCTOR: Erick Zerme\u00f1o<\/p>\n<p>INVITADO\/A: Ninguno.<\/p>\n<p>TRANSMISI\u00d3N: enero 2025<\/p>\n<p>MUSICALIZACI\u00d3N: Erick Zerme\u00f1o<\/p>\n<p>PRODUCCI\u00d3N: Erick Zerme\u00f1o<\/p>\n<h2>Emociona a otros con este contenido<\/h2>\n<h2><a href=\"https:\/\/www.imer.mx\/opus\/pagina-viva-la-opera\/\">P\u00e1gina de la  serie<\/a><\/h2>\n","protected":false},"excerpt":{"rendered":"<p>Erick Zerme\u00f1o presenta la primera parte de un homenaje al tenor siciliano Giuseppe di Stefano (1921-2008), con una entrevista realizada en 1978 por el director de escena, el maestro Don Carlos D\u00edaz Du-Pond. Buon ascolto!<\/p>\n<p>\u00a1Viva la \u00d3pera!<\/p>\n","protected":false},"author":187,"featured_media":57882,"comment_status":"open","ping_status":"open","sticky":false,"template":"","format":"standard","meta":{"wp_popup_display_lightbox":0,"wp_popup_suppress":"","wp_popup_trigger":"","wp_popup_trigger_amount":0,"wp_popup_disable_on_mobile":false,"footnotes":""},"categories":[48],"tags":[64,47],"class_list":["post-57881","post","type-post","status-publish","format-standard","has-post-thumbnail","hentry","category-viva-la-opera","tag-mujeres","tag-opera","category-48","description-off"],"_links":{"self":[{"href":"https:\/\/www.imer.mx\/opus\/wp-json\/wp\/v2\/posts\/57881","targetHints":{"allow":["GET"]}}],"collection":[{"href":"https:\/\/www.imer.mx\/opus\/wp-json\/wp\/v2\/posts"}],"about":[{"href":"https:\/\/www.imer.mx\/opus\/wp-json\/wp\/v2\/types\/post"}],"author":[{"embeddable":true,"href":"https:\/\/www.imer.mx\/opus\/wp-json\/wp\/v2\/users\/187"}],"replies":[{"embeddable":true,"href":"https:\/\/www.imer.mx\/opus\/wp-json\/wp\/v2\/comments?post=57881"}],"version-history":[{"count":0,"href":"https:\/\/www.imer.mx\/opus\/wp-json\/wp\/v2\/posts\/57881\/revisions"}],"wp:featuredmedia":[{"embeddable":true,"href":"https:\/\/www.imer.mx\/opus\/wp-json\/wp\/v2\/media\/57882"}],"wp:attachment":[{"href":"https:\/\/www.imer.mx\/opus\/wp-json\/wp\/v2\/media?parent=57881"}],"wp:term":[{"taxonomy":"category","embeddable":true,"href":"https:\/\/www.imer.mx\/opus\/wp-json\/wp\/v2\/categories?post=57881"},{"taxonomy":"post_tag","embeddable":true,"href":"https:\/\/www.imer.mx\/opus\/wp-json\/wp\/v2\/tags?post=57881"}],"curies":[{"name":"wp","href":"https:\/\/api.w.org\/{rel}","templated":true}]}}