{"id":5770,"date":"2014-02-14T14:18:22","date_gmt":"2014-02-14T20:18:22","guid":{"rendered":"http:\/\/opus.imer.gob.mx\/?p=5770"},"modified":"2016-06-08T14:57:43","modified_gmt":"2016-06-08T19:57:43","slug":"conciertos-radiofonicos-martes-18-de-febrero-1700-horas-duo-dos-pasos-flauta-y-piano-asista-a-escucharlo-o-sintonicenos-en-el-94-5-de-fm","status":"publish","type":"post","link":"https:\/\/www.imer.mx\/opus\/conciertos-radiofonicos-martes-18-de-febrero-1700-horas-duo-dos-pasos-flauta-y-piano-asista-a-escucharlo-o-sintonicenos-en-el-94-5-de-fm\/","title":{"rendered":"Conciertos Radiof\u00f3nicos. Martes 18 de febrero 17:00 horas. D\u00fao &quot;Dos Pasos&quot; flauta y piano. Asista a escucharlo o sinton\u00edcenos en el 94.5 de FM"},"content":{"rendered":"<div id=\"attachment_5771\" style=\"width: 1105px\" class=\"wp-caption aligncenter\"><a href=\"http:\/\/opus.imer.gob.mx\/conciertos-radiofonicos-martes-18-de-febrero-1700-horas-duo-dos-pasos-flauta-y-piano-asista-a-escucharlo-o-sintonicenos-en-el-94-5-de-fm\/mariana-tile\/\" rel=\"attachment wp-att-5771\"><img loading=\"lazy\" decoding=\"async\" aria-describedby=\"caption-attachment-5771\" class=\" wp-image-5771  \" alt=\"\" src=\"https:\/\/www.imer.mx\/opus\/wp-content\/uploads\/sites\/13\/2014\/02\/mariana-tile.jpg\" width=\"1095\" height=\"364\" srcset=\"https:\/\/www.imer.mx\/opus\/wp-content\/uploads\/sites\/13\/2014\/02\/mariana-tile.jpg 1842w, https:\/\/www.imer.mx\/opus\/wp-content\/uploads\/sites\/13\/2014\/02\/mariana-tile-300x100.jpg 300w, https:\/\/www.imer.mx\/opus\/wp-content\/uploads\/sites\/13\/2014\/02\/mariana-tile-1024x341.jpg 1024w\" sizes=\"auto, (max-width: 1095px) 100vw, 1095px\" \/><\/a><p id=\"caption-attachment-5771\" class=\"wp-caption-text\">Mariana Ch\u00e1vez Lara y Aquiles Morales.<\/p><\/div>\n<p>En la serie <strong>&#8220;Conciertos radiof\u00f3nicos&#8221;<\/strong> les presentamos al d\u00fao<strong> &#8220;Dos pasos&#8221;<\/strong>: Mariana Ch\u00e1vez Lara, flauta y Aquiles Morales, piano. Interpretar\u00e1n de Francis Poulenc &#8220;Sonata para flauta y piano&#8221;; de Maurice Ravel &#8220;Juegos de agua&#8221; y &#8220;Gaspar de la noche&#8221;; de Claude Debussy &#8220;Suite Bergamasque&#8221; y L&#8217;isle joyeuse&#8221;.<strong> Martes 18 de febrero en el Estudio A del IMER<\/strong>, Mayorazgo no.83 col. Xoco. Si desea asistir, reserve su lugar a los tels. 5628-1717 o 5604-8124 o bien puede escucharnos en directo en el 94.5 FM y en la p\u00e1gina opus.imer.gob.mx<\/p>\n","protected":false},"excerpt":{"rendered":"<p>En la serie &#8220;Conciertos radiof\u00f3nicos&#8221; les presentamos al d\u00fao &#8220;Dos pasos&#8221;: Mariana Ch\u00e1vez Lara, flauta y Aquiles Morales, piano. Interpretar\u00e1n de Francis Poulenc &#8220;Sonata para flauta y piano&#8221;; de Maurice Ravel &#8220;Juegos de agua&#8221; y &#8220;Gaspar de la noche&#8221;; de Claude Debussy &#8220;Suite Bergamasque&#8221; y L&#8217;isle joyeuse&#8221;. Martes 18 de febrero en el Estudio A&hellip;<\/p>\n","protected":false},"author":6,"featured_media":0,"comment_status":"closed","ping_status":"closed","sticky":false,"template":"","format":"standard","meta":{"wp_popup_display_lightbox":0,"wp_popup_suppress":"","wp_popup_trigger":"","wp_popup_trigger_amount":0,"wp_popup_disable_on_mobile":false,"footnotes":""},"categories":[9],"tags":[],"class_list":["post-5770","post","type-post","status-publish","format-standard","hentry","category-sesiones-opus","category-9","description-off"],"_links":{"self":[{"href":"https:\/\/www.imer.mx\/opus\/wp-json\/wp\/v2\/posts\/5770","targetHints":{"allow":["GET"]}}],"collection":[{"href":"https:\/\/www.imer.mx\/opus\/wp-json\/wp\/v2\/posts"}],"about":[{"href":"https:\/\/www.imer.mx\/opus\/wp-json\/wp\/v2\/types\/post"}],"author":[{"embeddable":true,"href":"https:\/\/www.imer.mx\/opus\/wp-json\/wp\/v2\/users\/6"}],"replies":[{"embeddable":true,"href":"https:\/\/www.imer.mx\/opus\/wp-json\/wp\/v2\/comments?post=5770"}],"version-history":[{"count":0,"href":"https:\/\/www.imer.mx\/opus\/wp-json\/wp\/v2\/posts\/5770\/revisions"}],"wp:attachment":[{"href":"https:\/\/www.imer.mx\/opus\/wp-json\/wp\/v2\/media?parent=5770"}],"wp:term":[{"taxonomy":"category","embeddable":true,"href":"https:\/\/www.imer.mx\/opus\/wp-json\/wp\/v2\/categories?post=5770"},{"taxonomy":"post_tag","embeddable":true,"href":"https:\/\/www.imer.mx\/opus\/wp-json\/wp\/v2\/tags?post=5770"}],"curies":[{"name":"wp","href":"https:\/\/api.w.org\/{rel}","templated":true}]}}