{"id":5422,"date":"2013-11-06T18:00:32","date_gmt":"2013-11-07T00:00:32","guid":{"rendered":"http:\/\/opus.imer.gob.mx\/?p=5422"},"modified":"2016-06-08T14:58:13","modified_gmt":"2016-06-08T19:58:13","slug":"conciertos-radiofonicos-ciclo-de-musica-coral-iniciamos-el-miercoles-23-de-noviembre-a-las-1700-horas-con-el-coro-de-camara-de-la-escuela-nacional-de-musica-de-la-unam-dirige-el-mtro-samuel-p","status":"publish","type":"post","link":"https:\/\/www.imer.mx\/opus\/conciertos-radiofonicos-ciclo-de-musica-coral-iniciamos-el-miercoles-23-de-noviembre-a-las-1700-horas-con-el-coro-de-camara-de-la-escuela-nacional-de-musica-de-la-unam-dirige-el-mtro-samuel-p\/","title":{"rendered":"Conciertos radiof\u00f3nicos. Ciclo de m\u00fasica coral. Iniciamos el mi\u00e9rcoles 13 de noviembre a las 17:00 horas con el &quot;Coro de c\u00e1mara de la Escuela Nacional de M\u00fasica&quot; de la UNAM. Dirige el Mtro. Samuel Pascoe."},"content":{"rendered":"<div id=\"attachment_5423\" style=\"width: 658px\" class=\"wp-caption aligncenter\"><a href=\"http:\/\/opus.imer.gob.mx\/conciertos-radiofonicos-ciclo-de-musica-coral-iniciamos-el-miercoles-23-de-noviembre-a-las-1700-horas-con-el-coro-de-camara-de-la-escuela-nacional-de-musica-de-la-unam-dirige-el-mtro-samuel-p\/ccenm\/\" rel=\"attachment wp-att-5423\"><img loading=\"lazy\" decoding=\"async\" aria-describedby=\"caption-attachment-5423\" class=\" wp-image-5423\" alt=\"\" src=\"https:\/\/www.imer.mx\/opus\/wp-content\/uploads\/sites\/13\/2013\/11\/CCENM.jpg\" width=\"648\" height=\"432\" srcset=\"https:\/\/www.imer.mx\/opus\/wp-content\/uploads\/sites\/13\/2013\/11\/CCENM.jpg 720w, https:\/\/www.imer.mx\/opus\/wp-content\/uploads\/sites\/13\/2013\/11\/CCENM-300x200.jpg 300w\" sizes=\"auto, (max-width: 648px) 100vw, 648px\" \/><\/a><p id=\"caption-attachment-5423\" class=\"wp-caption-text\">Coro de c\u00e1mara de la Escuela Nacional de M\u00fasica. Dir. Samuel Pascoe<\/p><\/div>\n<p>En <b>\u201cConciertos radiof\u00f3nicos\u201d<\/b> continuamos el mes de noviembre con un ciclo de \u201cM\u00fasica coral\u201d presentando al\u00a0 \u201c<b>Coro de c\u00e1mara de la Escuela Nacional de M\u00fasica\u201d <\/b>de la UNAM,<b> dirigido por Samuel Pascoe. <\/b>\u00a0Interpretar\u00e1n obras de autores mexicanos: Hallfter, Coral, Ibarra y Enr\u00edquez, entre otros. Mi\u00e9rcoles 13 de noviembre a las 17:00 horas en el Estudio A del IMER. Mayorazgo no.83 colonia Xoco. Confirme su asistencia llamando a los tel\u00e9fonos 5628-1717 y 5604-8124. Cupo limitado.<\/p>\n<p align=\"center\">PROGRAMA:<\/p>\n<p>&nbsp;<\/p>\n<p>La Orilla del Mar\u00a0\u00a0\u00a0\u00a0\u00a0\u00a0\u00a0\u00a0\u00a0\u00a0\u00a0\u00a0\u00a0\u00a0\u00a0\u00a0\u00a0\u00a0\u00a0\u00a0\u00a0\u00a0\u00a0\u00a0\u00a0\u00a0\u00a0\u00a0\u00a0\u00a0\u00a0\u00a0\u00a0\u00a0\u00a0\u00a0\u00a0\u00a0\u00a0\u00a0\u00a0\u00a0\u00a0\u00a0\u00a0\u00a0\u00a0\u00a0\u00a0\u00a0\u00a0\u00a0\u00a0\u00a0\u00a0\u00a0\u00a0\u00a0\u00a0\u00a0\u00a0\u00a0\u00a0\u00a0 Mar\u00eda Granillo<\/p>\n<p>&nbsp;<\/p>\n<p>Hazme una Cruz Sencilla \u00a0 \u00a0 \u00a0 \u00a0 \u00a0 \u00a0 \u00a0 \u00a0 \u00a0 \u00a0 \u00a0 \u00a0 \u00a0 \u00a0 \u00a0 \u00a0 \u00a0 \u00a0 \u00a0 \u00a0 \u00a0 \u00a0 \u00a0 \u00a0 Manuel Enr\u00edquez<\/p>\n<p>Tenor, Luis Antonio Ramirez<\/p>\n<p>&nbsp;<\/p>\n<p>&nbsp;<\/p>\n<p>Romancillo \u00a0 \u00a0 \u00a0 \u00a0 \u00a0 \u00a0 \u00a0 \u00a0 \u00a0 \u00a0 \u00a0 \u00a0 \u00a0 \u00a0 \u00a0 \u00a0 \u00a0 \u00a0 \u00a0 \u00a0 \u00a0 \u00a0 \u00a0 \u00a0 \u00a0 \u00a0 \u00a0 \u00a0 \u00a0 \u00a0 \u00a0 \u00a0 \u00a0 \u00a0 \u00a0 \u00a0 Federico Ibarra<\/p>\n<p>A una Dama que iba Cubierta<\/p>\n<p>&nbsp;<\/p>\n<p>No pienses que al Enviarte \u00a0 \u00a0 \u00a0 \u00a0 \u00a0 \u00a0 \u00a0 \u00a0 \u00a0 \u00a0 \u00a0 \u00a0 \u00a0 \u00a0 \u00a0 \u00a0 \u00a0 \u00a0 \u00a0 \u00a0 \u00a0 \u00a0An\u00f3nimo<\/p>\n<p>Bar\u00edtono, Antonio Azpiri<\/p>\n<p>&nbsp;<\/p>\n<p>&nbsp;<\/p>\n<p>Poema del Mar y de Ella \u00a0 \u00a0 \u00a0 \u00a0 \u00a0 \u00a0 \u00a0 \u00a0 \u00a0 \u00a0 \u00a0 \u00a0 \u00a0 \u00a0 \u00a0 \u00a0 \u00a0 \u00a0 \u00a0 \u00a0 \u00a0 \u00a0 \u00a0 \u00a0 Jorge C\u00f3rdoba<\/p>\n<p>&nbsp;<\/p>\n<p>Dos Sonetos \u00a0 \u00a0 \u00a0 \u00a0 \u00a0 \u00a0 \u00a0 \u00a0 \u00a0 \u00a0 \u00a0 \u00a0 \u00a0 \u00a0 \u00a0 \u00a0 \u00a0 \u00a0 \u00a0 \u00a0 \u00a0 \u00a0 \u00a0 \u00a0 \u00a0 \u00a0 \u00a0 \u00a0 \u00a0 \u00a0 \u00a0 \u00a0 \u00a0 \u00a0 \u00a0 Rodolfo Halffter<\/p>\n<p>Mezzosoprano, Marcela Robles<\/p>\n<p>&nbsp;<\/p>\n<p>Vocalise\u00a0\u00a0\u00a0\u00a0\u00a0\u00a0\u00a0\u00a0\u00a0\u00a0\u00a0\u00a0\u00a0\u00a0\u00a0\u00a0\u00a0\u00a0\u00a0\u00a0\u00a0\u00a0\u00a0\u00a0\u00a0\u00a0\u00a0\u00a0\u00a0\u00a0\u00a0\u00a0\u00a0\u00a0\u00a0\u00a0\u00a0\u00a0\u00a0\u00a0\u00a0\u00a0\u00a0\u00a0\u00a0\u00a0\u00a0\u00a0\u00a0\u00a0\u00a0\u00a0\u00a0\u00a0\u00a0\u00a0\u00a0\u00a0\u00a0\u00a0\u00a0\u00a0\u00a0\u00a0\u00a0\u00a0\u00a0\u00a0\u00a0\u00a0\u00a0\u00a0\u00a0\u00a0\u00a0\u00a0\u00a0\u00a0\u00a0 Samuel Pascoe<\/p>\n<p>&nbsp;<\/p>\n<p>Lamento Lento \u00a0 \u00a0 \u00a0 \u00a0 \u00a0 \u00a0 \u00a0 \u00a0 \u00a0 \u00a0 \u00a0 \u00a0 \u00a0 \u00a0 \u00a0 \u00a0 \u00a0 \u00a0 \u00a0 \u00a0 \u00a0 \u00a0 \u00a0 \u00a0 \u00a0 \u00a0 \u00a0 \u00a0 \u00a0 \u00a0 \u00a0 \u00a0 \u00a0Leonardo Coral<\/p>\n<p>Soprano, Akemi Endo<\/p>\n<p>&nbsp;<\/p>\n<p>D\u00edptico\u00a0\u00a0\u00a0\u00a0\u00a0\u00a0\u00a0\u00a0\u00a0\u00a0\u00a0\u00a0\u00a0\u00a0\u00a0\u00a0\u00a0\u00a0\u00a0\u00a0\u00a0\u00a0\u00a0\u00a0\u00a0\u00a0\u00a0\u00a0\u00a0\u00a0\u00a0\u00a0\u00a0\u00a0\u00a0\u00a0\u00a0\u00a0\u00a0\u00a0\u00a0\u00a0\u00a0\u00a0\u00a0\u00a0\u00a0\u00a0\u00a0\u00a0\u00a0\u00a0\u00a0\u00a0\u00a0\u00a0\u00a0\u00a0\u00a0\u00a0\u00a0\u00a0\u00a0\u00a0\u00a0\u00a0\u00a0\u00a0\u00a0\u00a0\u00a0\u00a0\u00a0\u00a0\u00a0\u00a0\u00a0\u00a0\u00a0\u00a0\u00a0 Arturo Valenzuela<\/p>\n<p>&nbsp;<\/p>\n<p>Ma Mignonne \u00a0 \u00a0 \u00a0 \u00a0 \u00a0 \u00a0 \u00a0 \u00a0 \u00a0 \u00a0 \u00a0 \u00a0 \u00a0 \u00a0 \u00a0 \u00a0 \u00a0 \u00a0 \u00a0 \u00a0 \u00a0 \u00a0 \u00a0 \u00a0 \u00a0 \u00a0 \u00a0 \u00a0 \u00a0 \u00a0 \u00a0 \u00a0 \u00a0 \u00a0 Gustavo E. Campa<\/p>\n<p>Bar\u00edtono, Fernando Diego<\/p>\n<p>&nbsp;<\/p>\n<p>Aleluya\u00a0\u00a0\u00a0\u00a0\u00a0\u00a0\u00a0\u00a0\u00a0\u00a0\u00a0\u00a0\u00a0\u00a0\u00a0\u00a0\u00a0\u00a0\u00a0\u00a0\u00a0\u00a0\u00a0\u00a0\u00a0\u00a0\u00a0\u00a0\u00a0\u00a0\u00a0\u00a0\u00a0\u00a0\u00a0\u00a0\u00a0\u00a0\u00a0\u00a0\u00a0\u00a0\u00a0\u00a0\u00a0\u00a0\u00a0\u00a0\u00a0\u00a0\u00a0\u00a0\u00a0\u00a0\u00a0\u00a0\u00a0\u00a0\u00a0\u00a0\u00a0\u00a0\u00a0\u00a0\u00a0\u00a0\u00a0\u00a0\u00a0\u00a0\u00a0\u00a0\u00a0\u00a0\u00a0\u00a0\u00a0\u00a0\u00a0\u00a0 Luis Pastor<\/p>\n<p><b><br \/>\n<\/b><b><\/b><\/p>\n","protected":false},"excerpt":{"rendered":"<p>En \u201cConciertos radiof\u00f3nicos\u201d continuamos el mes de noviembre con un ciclo de \u201cM\u00fasica coral\u201d presentando al\u00a0 \u201cCoro de c\u00e1mara de la Escuela Nacional de M\u00fasica\u201d de la UNAM, dirigido por Samuel Pascoe. \u00a0Interpretar\u00e1n obras de autores mexicanos: Hallfter, Coral, Ibarra y Enr\u00edquez, entre otros. Mi\u00e9rcoles 13 de noviembre a las 17:00 horas en el Estudio&hellip;<\/p>\n","protected":false},"author":6,"featured_media":0,"comment_status":"closed","ping_status":"closed","sticky":false,"template":"","format":"standard","meta":{"wp_popup_display_lightbox":0,"wp_popup_suppress":"","wp_popup_trigger":"","wp_popup_trigger_amount":0,"wp_popup_disable_on_mobile":false,"footnotes":""},"categories":[9],"tags":[],"class_list":["post-5422","post","type-post","status-publish","format-standard","hentry","category-sesiones-opus","category-9","description-off"],"_links":{"self":[{"href":"https:\/\/www.imer.mx\/opus\/wp-json\/wp\/v2\/posts\/5422","targetHints":{"allow":["GET"]}}],"collection":[{"href":"https:\/\/www.imer.mx\/opus\/wp-json\/wp\/v2\/posts"}],"about":[{"href":"https:\/\/www.imer.mx\/opus\/wp-json\/wp\/v2\/types\/post"}],"author":[{"embeddable":true,"href":"https:\/\/www.imer.mx\/opus\/wp-json\/wp\/v2\/users\/6"}],"replies":[{"embeddable":true,"href":"https:\/\/www.imer.mx\/opus\/wp-json\/wp\/v2\/comments?post=5422"}],"version-history":[{"count":0,"href":"https:\/\/www.imer.mx\/opus\/wp-json\/wp\/v2\/posts\/5422\/revisions"}],"wp:attachment":[{"href":"https:\/\/www.imer.mx\/opus\/wp-json\/wp\/v2\/media?parent=5422"}],"wp:term":[{"taxonomy":"category","embeddable":true,"href":"https:\/\/www.imer.mx\/opus\/wp-json\/wp\/v2\/categories?post=5422"},{"taxonomy":"post_tag","embeddable":true,"href":"https:\/\/www.imer.mx\/opus\/wp-json\/wp\/v2\/tags?post=5422"}],"curies":[{"name":"wp","href":"https:\/\/api.w.org\/{rel}","templated":true}]}}