{"id":5381,"date":"2013-10-30T12:00:45","date_gmt":"2013-10-30T18:00:45","guid":{"rendered":"http:\/\/opus.imer.gob.mx\/?p=5381"},"modified":"2016-06-08T14:58:24","modified_gmt":"2016-06-08T19:58:24","slug":"conciertos-radiofonicos-presentacion-de-la-orquesta-de-camara-de-la-escuela-nacional-preparatoria-dirigida-por-el-mtro-luis-samuel-saloma-miercoles-6-de-noviembre-1700-horas-estudio-a-del-imer-2","status":"publish","type":"post","link":"https:\/\/www.imer.mx\/opus\/conciertos-radiofonicos-presentacion-de-la-orquesta-de-camara-de-la-escuela-nacional-preparatoria-dirigida-por-el-mtro-luis-samuel-saloma-miercoles-6-de-noviembre-1700-horas-estudio-a-del-imer-2\/","title":{"rendered":"Conciertos Radiof\u00f3nicos. Presentaci\u00f3n de la Orquesta de C\u00e1mara de la Escuela Nacional Preparatoria, dirigida por el Mtro. Luis Samuel Saloma. Mi\u00e9rcoles 6 de noviembre 17:00 horas. Estudio A del IMER. Entrada libre."},"content":{"rendered":"<div id=\"attachment_5380\" style=\"width: 795px\" class=\"wp-caption aligncenter\"><a href=\"http:\/\/opus.imer.gob.mx\/conciertos-radiofonicos-presentacion-de-la-orquesta-de-camara-de-la-escuela-nacional-preparatoria-dirigida-por-el-mtro-luis-samuel-saloma-miercoles-6-de-noviembre-1700-horas-estudio-a-del-imer\/salomaorq\/\" rel=\"attachment wp-att-5380\"><img loading=\"lazy\" decoding=\"async\" aria-describedby=\"caption-attachment-5380\" class=\" wp-image-5380\" alt=\"\" src=\"https:\/\/www.imer.mx\/opus\/wp-content\/uploads\/sites\/13\/2013\/10\/salomaorq.jpg\" width=\"785\" height=\"447\" srcset=\"https:\/\/www.imer.mx\/opus\/wp-content\/uploads\/sites\/13\/2013\/10\/salomaorq.jpg 4040w, https:\/\/www.imer.mx\/opus\/wp-content\/uploads\/sites\/13\/2013\/10\/salomaorq-300x170.jpg 300w, https:\/\/www.imer.mx\/opus\/wp-content\/uploads\/sites\/13\/2013\/10\/salomaorq-1024x582.jpg 1024w\" sizes=\"auto, (max-width: 785px) 100vw, 785px\" \/><\/a><p id=\"caption-attachment-5380\" class=\"wp-caption-text\">Orquesta de c\u00e1mara de la Escuela Nacional Preparatoria de la UNAM<br \/>Dir. Luis Samuel Saloma<\/p><\/div>\n<p>En <b>\u201cConciertos radiof\u00f3nicos\u201d<\/b> iniciamos el mes de noviembre con un gran concierto a cargo de la <b>\u201cOrquesta de C\u00e1mara de la Escuela Nacional Preparatoria\u201d de la UNAM\u201d <\/b>integrada por<b> <\/b>m\u00fasicos profesionales bajo la batuta del maestro <b>Luis Samuel Saloma<\/b>. Interpretar\u00e1n obras de Wagner, Verdi, Haydn y Bernstein, entre otros. Mi\u00e9rcoles 6 de noviembre a las 17:00 horas en el Estudio A del IMER. Mayorazgo no.83 colonia Xoco. Confirme su asistencia llamando a los tel\u00e9fonos 5628-1717 y 5604-8124. Cupo limitado.<\/p>\n<p style=\"text-align: center\">PROGRAMA:<\/p>\n<p>&nbsp;<\/p>\n<p align=\"center\">Richard Wagner (1813-1883)<\/p>\n<p align=\"center\">Danza de los aprendices y\u00a0 Entrada de los maestros cantores de la \u00f3pera <b>\u201cLos maestros cantores\u201d<\/b><\/p>\n<p align=\"center\"><b>\u00a0<\/b><\/p>\n<p align=\"center\">\u00a0Franz Joseph Haydn (1732-1809)<\/p>\n<p align=\"center\">Concierto para <b>trompeta y orquesta<\/b><\/p>\n<p align=\"center\">Allegro<\/p>\n<p align=\"center\">Andante<\/p>\n<p align=\"center\">Allegro<\/p>\n<p align=\"center\">Solista : Edmundo Romero<\/p>\n<p align=\"center\">Giuseppe Verdi (1813-1901)<\/p>\n<p align=\"center\">Preludio de La \u00f3pera <b>\u201cI Masnadieri\u201d<\/b><\/p>\n<p align=\"center\">Violonchelo: Sona Poshotian<\/p>\n<p align=\"center\">Johann Strauss II (1825-1899)<\/p>\n<p align=\"center\">Vals <b>\u201cSangre Vienesa\u201d<\/b> op. 354<\/p>\n<p align=\"center\">Leonard Bernstein (1918-1990)<\/p>\n<p align=\"center\">Obertura de <b>\u201cAmor sin b<\/b><b>arreras\u201d<\/b><\/p>\n<p align=\"center\">Ralph Hermann (1914-1994)<\/p>\n<p align=\"center\">Fantas\u00eda sobre temas de <b>Duke Ellington<\/b><\/p>\n<p align=\"center\">James Horner (1953)<\/p>\n<p align=\"center\">Selecciones de la banda sonora de la Pel\u00edcula <b>\u201cTitanic\u201d<\/b><\/p>\n","protected":false},"excerpt":{"rendered":"<p>En \u201cConciertos radiof\u00f3nicos\u201d iniciamos el mes de noviembre con un gran concierto a cargo de la \u201cOrquesta de C\u00e1mara de la Escuela Nacional Preparatoria\u201d de la UNAM\u201d integrada por m\u00fasicos profesionales bajo la batuta del maestro Luis Samuel Saloma. Interpretar\u00e1n obras de Wagner, Verdi, Haydn y Bernstein, entre otros. Mi\u00e9rcoles 6 de noviembre a las&hellip;<\/p>\n","protected":false},"author":6,"featured_media":0,"comment_status":"closed","ping_status":"closed","sticky":false,"template":"","format":"standard","meta":{"wp_popup_display_lightbox":0,"wp_popup_suppress":"","wp_popup_trigger":"","wp_popup_trigger_amount":0,"wp_popup_disable_on_mobile":false,"footnotes":""},"categories":[9],"tags":[],"class_list":["post-5381","post","type-post","status-publish","format-standard","hentry","category-sesiones-opus","category-9","description-off"],"_links":{"self":[{"href":"https:\/\/www.imer.mx\/opus\/wp-json\/wp\/v2\/posts\/5381","targetHints":{"allow":["GET"]}}],"collection":[{"href":"https:\/\/www.imer.mx\/opus\/wp-json\/wp\/v2\/posts"}],"about":[{"href":"https:\/\/www.imer.mx\/opus\/wp-json\/wp\/v2\/types\/post"}],"author":[{"embeddable":true,"href":"https:\/\/www.imer.mx\/opus\/wp-json\/wp\/v2\/users\/6"}],"replies":[{"embeddable":true,"href":"https:\/\/www.imer.mx\/opus\/wp-json\/wp\/v2\/comments?post=5381"}],"version-history":[{"count":0,"href":"https:\/\/www.imer.mx\/opus\/wp-json\/wp\/v2\/posts\/5381\/revisions"}],"wp:attachment":[{"href":"https:\/\/www.imer.mx\/opus\/wp-json\/wp\/v2\/media?parent=5381"}],"wp:term":[{"taxonomy":"category","embeddable":true,"href":"https:\/\/www.imer.mx\/opus\/wp-json\/wp\/v2\/categories?post=5381"},{"taxonomy":"post_tag","embeddable":true,"href":"https:\/\/www.imer.mx\/opus\/wp-json\/wp\/v2\/tags?post=5381"}],"curies":[{"name":"wp","href":"https:\/\/api.w.org\/{rel}","templated":true}]}}