{"id":5300,"date":"2013-10-17T23:00:21","date_gmt":"2013-10-18T04:00:21","guid":{"rendered":"http:\/\/opus.imer.gob.mx\/?p=5300"},"modified":"2015-10-20T14:54:38","modified_gmt":"2015-10-20T19:54:38","slug":"opus-94-5-fm-transmite-desde-el-festival-internacional-cervantino-recital-la-mezzo-soprano-vivica-genaux-y-el-concerto-copenhagen-sabado-19-de-octubre-2100-hrs","status":"publish","type":"post","link":"https:\/\/www.imer.mx\/opus\/opus-94-5-fm-transmite-desde-el-festival-internacional-cervantino-recital-la-mezzo-soprano-vivica-genaux-y-el-concerto-copenhagen-sabado-19-de-octubre-2100-hrs\/","title":{"rendered":"Opus 94.5 FM transmite desde el Festival Internacional Cervantino. Recital la mezzo-soprano Vivica Genaux y el &quot;Concerto Copenhagen&quot;. S\u00e1bado 19 de octubre 21:00 hrs."},"content":{"rendered":"<div id=\"attachment_5301\" style=\"width: 820px\" class=\"wp-caption aligncenter\"><a href=\"http:\/\/opus.imer.gob.mx\/opus-94-5-fm-transmite-desde-el-festival-internacional-cervantino-recital-la-mezzo-soprano-vivica-genaux-y-el-concerto-copenhagen-sabado-19-de-octubre-2100-hrs\/copenhagen-vivica\/\" rel=\"attachment wp-att-5301\"><img loading=\"lazy\" decoding=\"async\" aria-describedby=\"caption-attachment-5301\" class=\"size-full wp-image-5301\" alt=\"Foto de V. Genaux: Christian Steier\/\" src=\"https:\/\/www.imer.mx\/opus\/wp-content\/uploads\/sites\/13\/2013\/10\/copenhagen-Vivica.jpg\" width=\"810\" height=\"399\" srcset=\"https:\/\/www.imer.mx\/opus\/wp-content\/uploads\/sites\/13\/2013\/10\/copenhagen-Vivica.jpg 810w, https:\/\/www.imer.mx\/opus\/wp-content\/uploads\/sites\/13\/2013\/10\/copenhagen-Vivica-300x147.jpg 300w\" sizes=\"auto, (max-width: 810px) 100vw, 810px\" \/><\/a><p id=\"caption-attachment-5301\" class=\"wp-caption-text\">Vivica Genaux y el Concerto Copenhagen<\/p><\/div>\n<p style=\"text-align: center\" align=\"center\"><b>\u00a1Opus 94.5 de FM<\/b> presente en el <b>Festival Internacional Cervantino 2013!<\/b><\/p>\n<p align=\"center\">Este s\u00e1bado 19 de octubre a las 21:00 horas transmitiremos desde el <b>Teatro Ju\u00e1rez <\/b>de <b>Guanajuato<\/b>, el concierto de la <b>mezzo-soprano <\/b><b>Vivica Genaux y <\/b>la orquesta<b> <\/b><b>Concerto Copenhagen<\/b>.<\/p>\n<p align=\"center\">PROGRAMA:<\/p>\n<p>\u00a0 \u00a0 \u00a0 \u00a0 \u00a0 \u00a0 \u00a0 \u00a0 \u00a0 \u00a0 \u00a0 \u00a0 \u00a0 \u00a0 \u00a0 \u00a0 \u00a0 \u00a0 \u00a0 \u00a0 \u00a0 \u00a0 \u00a0 \u00a0 \u00a0 \u00a0 \u00a0 \u00a0 \u00a0 \u00a0 \u00a0 \u00a0 \u00a0 \u00a0 \u00a0 \u00a0 \u00a0 \u00a0 \u00a0 \u00a0\u00a0<b>Georg Friedrich H\u00e4ndel (1685-1759)<\/b><\/p>\n<p align=\"center\">Sonata HWV 399<\/p>\n<p align=\"center\"><b>\u00a0<\/b><\/p>\n<p align=\"center\"><b>Johann Adolf Hasse (1699-1783)<\/b><\/p>\n<p align=\"center\">Aria <i>\u201cSon cual misera colomba\u201d<\/i><\/p>\n<p align=\"center\">Aria <i>\u201cPadre ingiusto\u201d<\/i><\/p>\n<p align=\"center\"><b>\u00a0<\/b><\/p>\n<p align=\"center\"><b>Georg Friedrich H\u00e4ndel (1685-1759)<\/b><\/p>\n<p align=\"center\">Aria <i>\u201cCara sposa\u201d<\/i><\/p>\n<p align=\"center\">Aria <i>\u201cDopo notte\u201d<\/i><\/p>\n<p align=\"center\"><b>\u00a0<\/b><\/p>\n<p align=\"center\"><b>Antonio Vivaldi (1678-1741)<\/b><\/p>\n<p align=\"center\">Obertura de <b>\u201c<\/b><i>La Olimpiade\u201d<\/i><\/p>\n<p align=\"center\">Aria <i>\u201cSposa son disprezzata<\/i>\u201d<\/p>\n<p align=\"center\">(De <b>Geminiano Giacomelli [1692-1740]<\/b>, atribuida a <b>Vivaldi<\/b>)<\/p>\n<p align=\"center\">Aria <i>\u201cAlma oppressa\u201d<\/i><\/p>\n<p align=\"center\">Conciertos para cuerdas RV 124 y RV 157<\/p>\n<p align=\"center\">Aria <i>\u201cSplender tra il cieco orror\u201d<\/i><\/p>\n<p align=\"center\">Aria <i>\u201cCome in vano il mare irato\u201d<\/i><\/p>\n<p><b>\u00a0<\/b><\/p>\n<p><b>Conducci\u00f3n de Javier Platas. Producci\u00f3n de Arturo Ar\u00e9valo y Jorge Pi\u00f1a.<\/b><\/p>\n<p><b>Aviso importante: El programa \u201cMetam\u00fasica\u201d que usualmente se transmite los s\u00e1bados a las 21:00 horas, se pasar\u00e1 una vez terminado el control remoto desde Guanajuato (aproximadamente a las 22:30 Hrs.)<\/b><\/p>\n","protected":false},"excerpt":{"rendered":"<p>\u00a1Opus 94.5 de FM presente en el Festival Internacional Cervantino 2013! Este s\u00e1bado 19 de octubre a las 21:00 horas transmitiremos desde el Teatro Ju\u00e1rez de Guanajuato, el concierto de la mezzo-soprano Vivica Genaux y la orquesta Concerto Copenhagen. PROGRAMA: \u00a0 \u00a0 \u00a0 \u00a0 \u00a0 \u00a0 \u00a0 \u00a0 \u00a0 \u00a0 \u00a0 \u00a0 \u00a0 \u00a0 \u00a0&hellip;<\/p>\n","protected":false},"author":6,"featured_media":0,"comment_status":"closed","ping_status":"closed","sticky":false,"template":"","format":"standard","meta":{"wp_popup_display_lightbox":0,"wp_popup_suppress":"","wp_popup_trigger":"","wp_popup_trigger_amount":0,"wp_popup_disable_on_mobile":false,"footnotes":""},"categories":[3],"tags":[],"class_list":["post-5300","post","type-post","status-publish","format-standard","hentry","category-programas-especiales","category-3","description-off"],"_links":{"self":[{"href":"https:\/\/www.imer.mx\/opus\/wp-json\/wp\/v2\/posts\/5300","targetHints":{"allow":["GET"]}}],"collection":[{"href":"https:\/\/www.imer.mx\/opus\/wp-json\/wp\/v2\/posts"}],"about":[{"href":"https:\/\/www.imer.mx\/opus\/wp-json\/wp\/v2\/types\/post"}],"author":[{"embeddable":true,"href":"https:\/\/www.imer.mx\/opus\/wp-json\/wp\/v2\/users\/6"}],"replies":[{"embeddable":true,"href":"https:\/\/www.imer.mx\/opus\/wp-json\/wp\/v2\/comments?post=5300"}],"version-history":[{"count":0,"href":"https:\/\/www.imer.mx\/opus\/wp-json\/wp\/v2\/posts\/5300\/revisions"}],"wp:attachment":[{"href":"https:\/\/www.imer.mx\/opus\/wp-json\/wp\/v2\/media?parent=5300"}],"wp:term":[{"taxonomy":"category","embeddable":true,"href":"https:\/\/www.imer.mx\/opus\/wp-json\/wp\/v2\/categories?post=5300"},{"taxonomy":"post_tag","embeddable":true,"href":"https:\/\/www.imer.mx\/opus\/wp-json\/wp\/v2\/tags?post=5300"}],"curies":[{"name":"wp","href":"https:\/\/api.w.org\/{rel}","templated":true}]}}