{"id":50828,"date":"2023-03-02T23:09:00","date_gmt":"2023-03-03T05:09:00","guid":{"rendered":"https:\/\/www.imer.mx\/opus\/?p=50828"},"modified":"2023-10-02T23:26:58","modified_gmt":"2023-10-03T05:26:58","slug":"orfeo-y-euridice-de-gluck","status":"publish","type":"post","link":"https:\/\/www.imer.mx\/opus\/orfeo-y-euridice-de-gluck\/","title":{"rendered":"&#8220;Orfeo y Eur\u00eddice&#8221; de Gluck"},"content":{"rendered":"<h2>&#8220;Orfeo y Eur\u00eddice&#8221; de Gluck<\/h2>\n<figure>\n\t\t\t\t\t\t\t\t\t\t<img decoding=\"async\" width=\"800\" height=\"800\" src=\"https:\/\/www.imer.mx\/opus\/wp-content\/uploads\/sites\/13\/Orfeo-y-Euridice-de-Gluck--1024x1024.png\" alt=\"\" loading=\"lazy\"><figcaption><\/figcaption><\/figure>\n<h4>Sinopsis<\/h4>\n<p>Rumbo a las funciones que se llevar\u00e1n a cabo en el Teatro del Palacio de Bellas Artes de la \u00f3pera &#8220;Orfeo ed Euridice&#8221; de Christoph Willibald Gluck, Erick Zerme\u00f1o presenta en extracto la historia del mito griego con las legendarias voces de la mezzosoprano potosina Do\u00f1a Oralia Dom\u00ednguez y la soprano Do\u00f1a Irma Gonz\u00e1lez, en una grabaci\u00f3n en vivo de 1962 realizada en Nueva Orleans, Estados Unidos dirigida por Renato Cellini.<\/p>\n<p>@erickzermeno @Vivala\u00d3pera&nbsp;<\/p>\n<p><strong>SETLIST<\/strong><\/p>\n<p>Extractos de la \u00f3pera &#8220;Orfeo ed Euridice&#8221; de Christoph Willibald Gluck<br \/>\nGrabaci\u00f3n en vivo de 1962 realizada en Nueva Orleans, Estados Unidos.<br \/>\nDir. Renato Cellini<\/p>\n<p>Cantan:<\/p>\n<p>Oralia Dom\u00ednguez, mezzosoprano (Orfeo)<br \/>\nIrma Gonz\u00e1lez, soprano (Euridice)<\/p>\n<h4>Ficha t\u00e9cnica<\/h4>\n<p>CONDUCTOR: Erick Zerme\u00f1o<\/p>\n<p>INVITADO\/A: Ninguno<\/p>\n<p>GRABACI\u00d3N: marzo, 2023<\/p>\n<p>TRANSMISI\u00d3N: 02 de marzo, 2023<\/p>\n<p>DURACI\u00d3N: 54&#8242;<\/p>\n<p>MUSICALIZACI\u00d3N: Erick Zerme\u00f1o<\/p>\n<p>PRODUCCI\u00d3N: Erick Zerme\u00f1o<\/p>\n<h2>Emociona a otros con este contenido<\/h2>\n<h2><a href=\"https:\/\/www.imer.mx\/opus\/pagina-viva-la-opera\/\">P\u00e1gina de la  serie<\/a><\/h2>\n","protected":false},"excerpt":{"rendered":"<p>Erick Zerme\u00f1o nos presenta en #VivaLa\u00d3pera un homenaje musical al reci\u00e9n fallecido contratenor brit\u00e1nico James Bowman, con los comentarios del maestro H\u00e9ctor Sosa.<\/p>\n","protected":false},"author":187,"featured_media":50829,"comment_status":"open","ping_status":"open","sticky":false,"template":"","format":"standard","meta":{"wp_popup_display_lightbox":0,"wp_popup_suppress":"","wp_popup_trigger":"","wp_popup_trigger_amount":0,"wp_popup_disable_on_mobile":false,"footnotes":""},"categories":[48],"tags":[72,47],"class_list":["post-50828","post","type-post","status-publish","format-standard","has-post-thumbnail","hentry","category-viva-la-opera","tag-historia","tag-opera","category-48","description-off"],"_links":{"self":[{"href":"https:\/\/www.imer.mx\/opus\/wp-json\/wp\/v2\/posts\/50828","targetHints":{"allow":["GET"]}}],"collection":[{"href":"https:\/\/www.imer.mx\/opus\/wp-json\/wp\/v2\/posts"}],"about":[{"href":"https:\/\/www.imer.mx\/opus\/wp-json\/wp\/v2\/types\/post"}],"author":[{"embeddable":true,"href":"https:\/\/www.imer.mx\/opus\/wp-json\/wp\/v2\/users\/187"}],"replies":[{"embeddable":true,"href":"https:\/\/www.imer.mx\/opus\/wp-json\/wp\/v2\/comments?post=50828"}],"version-history":[{"count":0,"href":"https:\/\/www.imer.mx\/opus\/wp-json\/wp\/v2\/posts\/50828\/revisions"}],"wp:featuredmedia":[{"embeddable":true,"href":"https:\/\/www.imer.mx\/opus\/wp-json\/wp\/v2\/media\/50829"}],"wp:attachment":[{"href":"https:\/\/www.imer.mx\/opus\/wp-json\/wp\/v2\/media?parent=50828"}],"wp:term":[{"taxonomy":"category","embeddable":true,"href":"https:\/\/www.imer.mx\/opus\/wp-json\/wp\/v2\/categories?post=50828"},{"taxonomy":"post_tag","embeddable":true,"href":"https:\/\/www.imer.mx\/opus\/wp-json\/wp\/v2\/tags?post=50828"}],"curies":[{"name":"wp","href":"https:\/\/api.w.org\/{rel}","templated":true}]}}