{"id":49862,"date":"2023-08-14T10:48:20","date_gmt":"2023-08-14T16:48:20","guid":{"rendered":"https:\/\/www.imer.mx\/opus\/?p=49862"},"modified":"2023-09-23T23:06:35","modified_gmt":"2023-09-24T05:06:35","slug":"karla-valeria-leyva-peralta","status":"publish","type":"post","link":"https:\/\/www.imer.mx\/opus\/karla-valeria-leyva-peralta\/","title":{"rendered":"Karla Valeria Leyva Peralta"},"content":{"rendered":"<p><img decoding=\"async\" width=\"624\" height=\"1024\" src=\"https:\/\/www.imer.mx\/opus\/wp-content\/uploads\/sites\/13\/357327677_108406185664819_4748658539812503139_n-624x1024.jpg\" alt=\"\" loading=\"lazy\"><\/p>\n<h3>Karla Valeria Leyva Peralta<\/h3>\n<p>Pianista&nbsp;<\/p>\n<p>Nace en la Ciudad de M\u00e9xico en 2006. A los 6 a\u00f1os toma clases particulares con el pianista y compositor Canek Le\u00f3n Moreno. En septiembre del 2013, contin\u00faa sus estudios musicales en la Escuela de Iniciaci\u00f3n a la M\u00fasica y a la Danza del Centro Cultural Ollin Yoliztli con la maestra Mar\u00eda Cecilia Montiel Llaguno, con quien participa y gana Primer lugar en las ediciones 8\u00aa, 9\u00aa 10\u00aa y 11\u00aa del Concurso Interno de Piano.<\/p>\n<p>En 2019, con s\u00f3lo 12 a\u00f1os, es admitida en la C\u00e1tedra de la reconocida pianista rumana Camelia Goila en el Ciclo Medio Superior de la Escuela de M\u00fasica \u201cVida y Movimiento\u201d, donde actualmente cursa la Licenciatura en M\u00fasica con Dominio en Piano.<\/p>\n<p>Ha participado en concursos nacionales e internacionales, obteniendo primeros lugares:<\/p>\n<ul>\n<li>1\u00ba premio \u201c2020 Bonn Grand Prize Virtuoso Competition\u201d<\/li>\n<li>1\u00ba premio \u201cII Concurso para J\u00f3venes Int\u00e9rpretes Universidad de Colima-Petrof\u201d<\/li>\n<li>1\u00ba lugar \u201cConcurso Latinoamericano de Piano Vivace-Finale 2022\u201d, II edici\u00f3n.<\/li>\n<li>2\u00ba puesto \u201cConcurso Internacional de Piano Carmel Klavier Latinoam\u00e9rica\u201d 2021<\/li>\n<li>2\u00ba lugar \u201c17\u00ba Festival-Concurso Internacional de Piano Villahermosa 2021\u201d<\/li>\n<li>2\u00ba Premio \u201cConcorso Internazionale per Giovani Musicisti Citt\u00e0 di Barletta\u201d 2020<\/li>\n<li>2\u00ba lugar &#8220;I Concurso para J\u00f3venes Int\u00e9rpretes Universidad de Colima-Petrof\u201d<\/li>\n<li>3\u00ba lugar \u201cXIII Concurso Nacional Abierto de J\u00f3venes Pianistas Parnass\u00f3s 2020\u201d,<\/li>\n<li>3\u00ba premio en el \u201c16\u00ba Festival-Concurso Internacional de Piano Villahermosa 2020\u201d<\/li>\n<\/ul>\n<p>Seleccionada para participar en el 50\u00ba Festival Internacional Cervantino en el Concierto \u201cJ\u00f3venes Talentos de la Ollin Yoliztli\u201d, \u201cFestival Internacional de J\u00f3venes Pianistas Ecuador 2021\u201d, \u201cCuarto Festival de Perfeccionamiento Pian\u00edstico\u201d, 1er. Encuentro de M\u00fasica de C\u00e1mara San Luis Potos\u00ed 2022, Kinich Festival Internacional de M\u00fasica, \u201c3er Festival de M\u00fasica El Nevado\u201d, Conciertos No. 79 y 10 del programa \u201cM\u00fasica del Alma para el Alma\u201d, Televisi\u00f3n Tabasque\u00f1a, 12\u00ba recital en casa de la \u201cS\u00e9rie Jovens Pianistas\u201d brasile\u00f1a, Opus 94 del Instituto Mexicano de la Radio, conciertos en la Sala Hermilo Novelo y Sala Silvestre Revueltas del Centro Cultural Ollin Yoliztli, el Museo Jos\u00e9 Luis Cuevas, el Teatro Casa de la Paz de la Universidad Aut\u00f3noma Metropolitana de la Ciudad de M\u00e9xico, el Templo de la Compa\u00f1\u00eda de Jes\u00fas, Oratorio San Felipe Neri, Guanajuato, Gto., el Teatro Universitario &#8220;Coronel Pedro Torres Ortiz \u201cde la Ciudad de Colima, entre otros.&nbsp;<\/p>\n<p>Ha tomado clases magistrales con los reconocidos pianistas internacionales Ian Hobson, John Novacek, Luca Chiantore, Dimitri Lyudkov, Vadym Kholodenko, Irina Shishkina y Anne-Marie McDermott.<\/p>\n<p>episodios de su anfitrion\u00eda en Opus 94 \ud83d\udc47<\/p>\n<p>14 de agosto<\/p>\n<p>15 de agosto<\/p>\n<p>16 de agosto<\/p>\n<p>17 de agosto<\/p>\n<p>18 de agosto<\/p>\n<p><a href=\"https:\/\/www.imer.mx\/opus\/anfitrionia-opus-94\/\"><br \/>\nP\u00e1gina Anfitrion\u00eda Opus 94<br \/>\n<\/a><\/p>\n<h2>Emociona a otros con este contenido<\/h2>\n","protected":false},"excerpt":{"rendered":"<p>Karla Valeria Leyva Peralta Pianista&nbsp; Nace en la Ciudad de M\u00e9xico en 2006. A los 6 a\u00f1os toma clases particulares con el pianista y compositor Canek Le\u00f3n Moreno. En septiembre del 2013, contin\u00faa sus estudios musicales en la Escuela de Iniciaci\u00f3n a la M\u00fasica y a la Danza del Centro Cultural Ollin Yoliztli con la&hellip;<\/p>\n","protected":false},"author":187,"featured_media":49880,"comment_status":"open","ping_status":"open","sticky":false,"template":"","format":"standard","meta":{"wp_popup_display_lightbox":0,"wp_popup_suppress":"","wp_popup_trigger":"","wp_popup_trigger_amount":0,"wp_popup_disable_on_mobile":false,"footnotes":""},"categories":[173],"tags":[64,65,84],"class_list":["post-49862","post","type-post","status-publish","format-standard","has-post-thumbnail","hentry","category-anfitrionia-opus-94","tag-mujeres","tag-contemporanea","tag-siglo-xx","category-173","description-off"],"_links":{"self":[{"href":"https:\/\/www.imer.mx\/opus\/wp-json\/wp\/v2\/posts\/49862","targetHints":{"allow":["GET"]}}],"collection":[{"href":"https:\/\/www.imer.mx\/opus\/wp-json\/wp\/v2\/posts"}],"about":[{"href":"https:\/\/www.imer.mx\/opus\/wp-json\/wp\/v2\/types\/post"}],"author":[{"embeddable":true,"href":"https:\/\/www.imer.mx\/opus\/wp-json\/wp\/v2\/users\/187"}],"replies":[{"embeddable":true,"href":"https:\/\/www.imer.mx\/opus\/wp-json\/wp\/v2\/comments?post=49862"}],"version-history":[{"count":0,"href":"https:\/\/www.imer.mx\/opus\/wp-json\/wp\/v2\/posts\/49862\/revisions"}],"wp:featuredmedia":[{"embeddable":true,"href":"https:\/\/www.imer.mx\/opus\/wp-json\/wp\/v2\/media\/49880"}],"wp:attachment":[{"href":"https:\/\/www.imer.mx\/opus\/wp-json\/wp\/v2\/media?parent=49862"}],"wp:term":[{"taxonomy":"category","embeddable":true,"href":"https:\/\/www.imer.mx\/opus\/wp-json\/wp\/v2\/categories?post=49862"},{"taxonomy":"post_tag","embeddable":true,"href":"https:\/\/www.imer.mx\/opus\/wp-json\/wp\/v2\/tags?post=49862"}],"curies":[{"name":"wp","href":"https:\/\/api.w.org\/{rel}","templated":true}]}}