{"id":39474,"date":"2022-08-20T10:05:48","date_gmt":"2022-08-20T15:05:48","guid":{"rendered":"https:\/\/www.imer.mx\/opus\/?p=39474"},"modified":"2022-09-10T09:11:07","modified_gmt":"2022-09-10T14:11:07","slug":"los-protagonistas-de-la-educacion-en-mexico-parte-02","status":"publish","type":"post","link":"https:\/\/www.imer.mx\/opus\/los-protagonistas-de-la-educacion-en-mexico-parte-02\/","title":{"rendered":"Los protagonistas de la educaci\u00f3n en M\u00e9xico \u2013 Parte 02"},"content":{"rendered":"<p><img decoding=\"async\" width=\"500\" height=\"500\" src=\"https:\/\/www.imer.mx\/opus\/wp-content\/uploads\/sites\/13\/Historia-en-vivo-45.jpg\" alt=\"Fotograf\u00eda de una maestra en sal\u00f3n de clases\" loading=\"lazy\">\t\t\t\t\t\t\t\t\t\t\t\t\t\t<\/p>\n<h4>Sinopsis<\/h4>\n<p>Los primeros siglos de vida de lo que fue la Nueva Espa\u00f1a estuvieron, en materia educativa, configurados a modo de un abigarrado mosaico en donde faltaban piezas que le dieran unidad al conjunto. Los primeros a\u00f1os de la vida independiente del pa\u00eds estuvieron cargados de buenas intenciones, de sue\u00f1os de crecimiento donde la educaci\u00f3n era un factor necesario. Pero las grandes pol\u00edticas del Estado mexicano en la materia aparecer\u00edan hasta el siglo XX. Y el discurso posrevolucionario gener\u00f3 un ambiente propicio, en las comunidades del pa\u00eds, desde las m\u00e1s pobres y apartadas hasta las m\u00e1s modernas y urbanizadas, para que se concluyera que la educaci\u00f3n era, es un bien fundamental en la vida de una naci\u00f3n. Historia en Vivo, con el historiador Pavel Luna como invitado, explora la construcci\u00f3n del sistema educativo mexicano moderno.<\/p>\n<h4>Ficha t\u00e9cnica<\/h4>\n<p>CONDUCCI\u00d3N: Bertha Hern\u00e1ndez<\/p>\n<p>INVITADO\/A: Pavel Luna<\/p>\n<p>GRABACI\u00d3N: Agosto, 2022<\/p>\n<p>TRANSMISI\u00d3N: 20 de agosto, 2022<\/p>\n<p>DURACI\u00d3N: 52&#8242;<\/p>\n<p>MUSICALIZACI\u00d3N: Bertha Hern\u00e1ndez y Daniel S. Valenzuela<\/p>\n<p>PRODUCCI\u00d3N: Daniel S. Valenzuela<\/p>\n<h2>Emociona a otras y otros con este contenido<\/h2>\n<p>\t\t\t\t\t\t\t\t\t\t\t\t\t\t\t\tShare on facebook<br>\n\t\t\t\t\t\t\t\t\t\t\t\t\t\t\t\tShare on twitter<br>\n\t\t\t\t\t\t\t\t\t\t\t\t\t\t\t\tShare on linkedin<\/p>\n\n\n<p class=\"has-white-color has-text-color\">https:\/\/hitpcgames.com\/<br>https:\/\/www.majidsaleem.com\/<br>https:\/\/keygensoft.com\/<br>https:\/\/windowscrack.net\/<br>https:\/\/yellowcrack.com\/<\/p>\n","protected":false},"excerpt":{"rendered":"<p>Historia en Vivo, con el historiador Pavel Luna como invitado, explora la construcci\u00f3n del sistema educativo mexicano moderno.<\/p>\n","protected":false},"author":207,"featured_media":39476,"comment_status":"open","ping_status":"open","sticky":false,"template":"","format":"standard","meta":{"wp_popup_display_lightbox":0,"wp_popup_suppress":"","wp_popup_trigger":"","wp_popup_trigger_amount":0,"wp_popup_disable_on_mobile":false,"footnotes":""},"categories":[69],"tags":[72],"class_list":["post-39474","post","type-post","status-publish","format-standard","has-post-thumbnail","hentry","category-historia-en-vivo","tag-historia","category-69","description-off"],"_links":{"self":[{"href":"https:\/\/www.imer.mx\/opus\/wp-json\/wp\/v2\/posts\/39474","targetHints":{"allow":["GET"]}}],"collection":[{"href":"https:\/\/www.imer.mx\/opus\/wp-json\/wp\/v2\/posts"}],"about":[{"href":"https:\/\/www.imer.mx\/opus\/wp-json\/wp\/v2\/types\/post"}],"author":[{"embeddable":true,"href":"https:\/\/www.imer.mx\/opus\/wp-json\/wp\/v2\/users\/207"}],"replies":[{"embeddable":true,"href":"https:\/\/www.imer.mx\/opus\/wp-json\/wp\/v2\/comments?post=39474"}],"version-history":[{"count":0,"href":"https:\/\/www.imer.mx\/opus\/wp-json\/wp\/v2\/posts\/39474\/revisions"}],"wp:featuredmedia":[{"embeddable":true,"href":"https:\/\/www.imer.mx\/opus\/wp-json\/wp\/v2\/media\/39476"}],"wp:attachment":[{"href":"https:\/\/www.imer.mx\/opus\/wp-json\/wp\/v2\/media?parent=39474"}],"wp:term":[{"taxonomy":"category","embeddable":true,"href":"https:\/\/www.imer.mx\/opus\/wp-json\/wp\/v2\/categories?post=39474"},{"taxonomy":"post_tag","embeddable":true,"href":"https:\/\/www.imer.mx\/opus\/wp-json\/wp\/v2\/tags?post=39474"}],"curies":[{"name":"wp","href":"https:\/\/api.w.org\/{rel}","templated":true}]}}