{"id":28400,"date":"2021-10-27T13:10:20","date_gmt":"2021-10-27T18:10:20","guid":{"rendered":"https:\/\/www.imer.mx\/opus\/?p=28400"},"modified":"2021-10-27T13:12:30","modified_gmt":"2021-10-27T18:12:30","slug":"homenajes-cervantinos-1","status":"publish","type":"post","link":"https:\/\/www.imer.mx\/opus\/homenajes-cervantinos-1\/","title":{"rendered":"Homenajes Cervantinos 1"},"content":{"rendered":"<h2>Homenajes Cervantinos 1<\/h2>\n<p>\t\t\t\t\t\t\t\t\t\t\t\t<img decoding=\"async\" width=\"275\" height=\"300\" src=\"https:\/\/www.imer.mx\/opus\/wp-content\/uploads\/sites\/13\/HOM-CERV-PD-275x300.jpg\" alt=\"\" loading=\"lazy\" \/>\t\t\t\t\t\t\t\t\t\t\t\t\t\t<\/p>\n<h4>Sinopsis<\/h4>\n<p>Compilado de charlas y extractos de las presentaciones de Roberto Beltr\u00e1n dirigiendo a la Sinf\u00f3nica de la Universidad de Guanajuato y Marcelo Rodr\u00edguez a la Camerata Porte\u00f1a en el Cervantino 49.<\/p>\n<h4>Ficha t\u00e9cnica<\/h4>\n<p>CONDUCTOR: \u00d3scar Edwin Garc\u00eda<\/p>\n<p>INVITADO\/A: Roberto Beltr\u00e1n y Marcelo Rodr\u00edguez<\/p>\n<p>GRABACI\u00d3N: 2021<\/p>\n<p>TRANSMISI\u00d3N: 25 de octubre de 2021<\/p>\n<p>DURACI\u00d3N: 55&#8242;<\/p>\n<p>M\u00daSICALIZACI\u00d3N: \u00d3scar Edwin Garc\u00eda<\/p>\n<p>PRODUCCI\u00d3N: \u00d3scar Edwin Garc\u00eda<\/p>\n<h2>Emociona a otros con este contenido<\/h2>\n<p>\t\t\t\t\t\t\t\t\t\t\t\t\t\t\t\tShare on facebook<br \/>\n\t\t\t\t\t\t\t\t\t\t\t\t\t\t\t\tShare on twitter<br \/>\n\t\t\t\t\t\t\t\t\t\t\t\t\t\t\t\tShare on linkedin<\/p>\n","protected":false},"excerpt":{"rendered":"<p>Compilado de charlas y extractos de las presentaciones de Roberto Beltr\u00e1n dirigiendo a la Sinf\u00f3nica de la Universidad de Guanajuato y Marcelo Rodr\u00edguez a la Camerata Porte\u00f1a en el Cervantino 49.<\/p>\n","protected":false},"author":187,"featured_media":28401,"comment_status":"open","ping_status":"open","sticky":false,"template":"","format":"standard","meta":{"wp_popup_display_lightbox":0,"wp_popup_suppress":"","wp_popup_trigger":"","wp_popup_trigger_amount":0,"wp_popup_disable_on_mobile":false,"footnotes":""},"categories":[51],"tags":[50,65,84],"class_list":["post-28400","post","type-post","status-publish","format-standard","has-post-thumbnail","hentry","category-homenajes","tag-biografia","tag-contemporanea","tag-siglo-xx","category-51","description-off"],"_links":{"self":[{"href":"https:\/\/www.imer.mx\/opus\/wp-json\/wp\/v2\/posts\/28400","targetHints":{"allow":["GET"]}}],"collection":[{"href":"https:\/\/www.imer.mx\/opus\/wp-json\/wp\/v2\/posts"}],"about":[{"href":"https:\/\/www.imer.mx\/opus\/wp-json\/wp\/v2\/types\/post"}],"author":[{"embeddable":true,"href":"https:\/\/www.imer.mx\/opus\/wp-json\/wp\/v2\/users\/187"}],"replies":[{"embeddable":true,"href":"https:\/\/www.imer.mx\/opus\/wp-json\/wp\/v2\/comments?post=28400"}],"version-history":[{"count":0,"href":"https:\/\/www.imer.mx\/opus\/wp-json\/wp\/v2\/posts\/28400\/revisions"}],"wp:featuredmedia":[{"embeddable":true,"href":"https:\/\/www.imer.mx\/opus\/wp-json\/wp\/v2\/media\/28401"}],"wp:attachment":[{"href":"https:\/\/www.imer.mx\/opus\/wp-json\/wp\/v2\/media?parent=28400"}],"wp:term":[{"taxonomy":"category","embeddable":true,"href":"https:\/\/www.imer.mx\/opus\/wp-json\/wp\/v2\/categories?post=28400"},{"taxonomy":"post_tag","embeddable":true,"href":"https:\/\/www.imer.mx\/opus\/wp-json\/wp\/v2\/tags?post=28400"}],"curies":[{"name":"wp","href":"https:\/\/api.w.org\/{rel}","templated":true}]}}