{"id":27352,"date":"2021-09-30T21:00:14","date_gmt":"2021-10-01T02:00:14","guid":{"rendered":"https:\/\/www.imer.mx\/opus\/?p=27352"},"modified":"2021-09-30T21:11:09","modified_gmt":"2021-10-01T02:11:09","slug":"martha-felix-mezzosoprano-de-sonora-para-el-mundo-entero","status":"publish","type":"post","link":"https:\/\/www.imer.mx\/opus\/martha-felix-mezzosoprano-de-sonora-para-el-mundo-entero\/","title":{"rendered":"Martha F\u00e9lix, mezzosoprano. De Sonora para el mundo entero"},"content":{"rendered":"<figure>\n\t\t\t\t\t\t\t\t\t\t<img decoding=\"async\" width=\"500\" height=\"500\" src=\"https:\/\/www.imer.mx\/opus\/wp-content\/uploads\/sites\/13\/Martha-Felix-500x500-VLO-min.jpg\" alt=\"\" loading=\"lazy\" srcset=\"https:\/\/www.imer.mx\/opus\/wp-content\/uploads\/sites\/13\/Martha-Felix-500x500-VLO-min.jpg 500w, https:\/\/www.imer.mx\/opus\/wp-content\/uploads\/sites\/13\/Martha-Felix-500x500-VLO-min-300x300.jpg 300w, https:\/\/www.imer.mx\/opus\/wp-content\/uploads\/sites\/13\/Martha-Felix-500x500-VLO-min-150x150.jpg 150w\" sizes=\"auto, (max-width: 500px) 100vw, 500px\" \/><figcaption><\/figcaption><\/figure>\n<h4>Sinopsis<\/h4>\n<p>Para cerrar el mes de la Patria, recordamos la imponente voz de la mezzosoprano sonorense Martha F\u00e9lix que hiciera en Bellas Artes los papeles m\u00e1s importantes para su tesitura en los a\u00f1os 70 y 80.<\/p>\n<h4>Ficha t\u00e9cnica<\/h4>\n<p>CONDUCTOR: Erick Zerme\u00f1o<\/p>\n<p>INVITADO\/A: Ninguno.<\/p>\n<p>GRABACI\u00d3N: septiembre, 2021<\/p>\n<p>TRANSMISI\u00d3N: 29 septiembre, 2021<\/p>\n<p>DURACI\u00d3N: 56&#8242;<\/p>\n<p>M\u00daSICALIZACI\u00d3N: Erick Zerme\u00f1o<\/p>\n<p>PRODUCCI\u00d3N: Erick Zerme\u00f1o<\/p>\n<h2>Emociona a otros con este contenido<\/h2>\n<p>\t\t\t\t\t\t\t\t\t\t\t\t\t\t\t\tShare on facebook<br \/>\n\t\t\t\t\t\t\t\t\t\t\t\t\t\t\t\tShare on twitter<br \/>\n\t\t\t\t\t\t\t\t\t\t\t\t\t\t\t\tShare on linkedin<\/p>\n","protected":false},"excerpt":{"rendered":"<p>Para cerrar el mes de la Patria, recordamos la imponente voz de la mezzosoprano sonorense Martha F\u00e9lix que hiciera en Bellas Artes los papeles m\u00e1s importantes para su tesitura en los a\u00f1os 70 y 80.<\/p>\n","protected":false},"author":184,"featured_media":27355,"comment_status":"open","ping_status":"open","sticky":false,"template":"","format":"standard","meta":{"wp_popup_display_lightbox":0,"wp_popup_suppress":"","wp_popup_trigger":"","wp_popup_trigger_amount":0,"wp_popup_disable_on_mobile":false,"footnotes":""},"categories":[48],"tags":[64,47],"class_list":["post-27352","post","type-post","status-publish","format-standard","has-post-thumbnail","hentry","category-viva-la-opera","tag-mujeres","tag-opera","category-48","description-off"],"_links":{"self":[{"href":"https:\/\/www.imer.mx\/opus\/wp-json\/wp\/v2\/posts\/27352","targetHints":{"allow":["GET"]}}],"collection":[{"href":"https:\/\/www.imer.mx\/opus\/wp-json\/wp\/v2\/posts"}],"about":[{"href":"https:\/\/www.imer.mx\/opus\/wp-json\/wp\/v2\/types\/post"}],"author":[{"embeddable":true,"href":"https:\/\/www.imer.mx\/opus\/wp-json\/wp\/v2\/users\/184"}],"replies":[{"embeddable":true,"href":"https:\/\/www.imer.mx\/opus\/wp-json\/wp\/v2\/comments?post=27352"}],"version-history":[{"count":0,"href":"https:\/\/www.imer.mx\/opus\/wp-json\/wp\/v2\/posts\/27352\/revisions"}],"wp:featuredmedia":[{"embeddable":true,"href":"https:\/\/www.imer.mx\/opus\/wp-json\/wp\/v2\/media\/27355"}],"wp:attachment":[{"href":"https:\/\/www.imer.mx\/opus\/wp-json\/wp\/v2\/media?parent=27352"}],"wp:term":[{"taxonomy":"category","embeddable":true,"href":"https:\/\/www.imer.mx\/opus\/wp-json\/wp\/v2\/categories?post=27352"},{"taxonomy":"post_tag","embeddable":true,"href":"https:\/\/www.imer.mx\/opus\/wp-json\/wp\/v2\/tags?post=27352"}],"curies":[{"name":"wp","href":"https:\/\/api.w.org\/{rel}","templated":true}]}}