{"id":25628,"date":"2021-07-28T13:50:59","date_gmt":"2021-07-28T18:50:59","guid":{"rendered":"https:\/\/www.imer.mx\/opus\/?p=25628"},"modified":"2021-07-28T13:55:24","modified_gmt":"2021-07-28T18:55:24","slug":"travesia-del-anime-al-sonido-13-carlos-tlakaelel-serrano","status":"publish","type":"post","link":"https:\/\/www.imer.mx\/opus\/travesia-del-anime-al-sonido-13-carlos-tlakaelel-serrano\/","title":{"rendered":"Traves\u00eda del anime al sonido 13 &#8211; Carlos Tlakaelel Serrano"},"content":{"rendered":"<h2>Traves\u00eda del anime al sonido 13<\/h2>\n<p><img decoding=\"async\" width=\"275\" height=\"300\" src=\"https:\/\/www.imer.mx\/opus\/wp-content\/uploads\/sites\/13\/CTL-PD-275x300.jpg\" alt=\"\" loading=\"lazy\"><\/p>\n<h4>Sinopsis<\/h4>\n<p>Una pl\u00e1tica y audici\u00f3n del pensamiento musical de Carlos Tlakaelel Serrano que va desde arreglos para m\u00fasica de anime, medieval, tango, hasta exploraciones del sonido 13.<\/p>\n<h4>Ficha t\u00e9cnica<\/h4>\n<p>CONDUCTOR: \u00d3scar Edwin Garc\u00eda<\/p>\n<p>INVITADO\/A: Alberto Solano<\/p>\n<p>GRABACI\u00d3N: julio de 2021<\/p>\n<p>TRANSMISI\u00d3N: 26 de julio de 2021<\/p>\n<p>DURACI\u00d3N: 55&#8242;<\/p>\n<p>M\u00daSICALIZACI\u00d3N: \u00d3scar Edwin Garc\u00eda<\/p>\n<p>PRODUCCI\u00d3N: \u00d3scar Edwin Garc\u00eda<\/p>\n<h2>Emociona a otros con este contenido<\/h2>\n<p>Share on facebook<br \/>\nShare on twitter<br \/>\nShare on linkedin<\/p>\n","protected":false},"excerpt":{"rendered":"<p>Una pl\u00e1tica y audici\u00f3n del pensamiento musical de Carlos Tlakaelel Serrano que va desde arreglos para m\u00fasica de anime, medieval, tango, hasta exploraciones del sonido 13.<\/p>\n","protected":false},"author":187,"featured_media":25629,"comment_status":"open","ping_status":"open","sticky":false,"template":"","format":"standard","meta":{"wp_popup_display_lightbox":0,"wp_popup_suppress":"","wp_popup_trigger":"","wp_popup_trigger_amount":0,"wp_popup_disable_on_mobile":false,"footnotes":""},"categories":[51],"tags":[50,79,65,70],"class_list":["post-25628","post","type-post","status-publish","format-standard","has-post-thumbnail","hentry","category-homenajes","tag-biografia","tag-crossover","tag-contemporanea","tag-tango","category-51","description-off"],"_links":{"self":[{"href":"https:\/\/www.imer.mx\/opus\/wp-json\/wp\/v2\/posts\/25628","targetHints":{"allow":["GET"]}}],"collection":[{"href":"https:\/\/www.imer.mx\/opus\/wp-json\/wp\/v2\/posts"}],"about":[{"href":"https:\/\/www.imer.mx\/opus\/wp-json\/wp\/v2\/types\/post"}],"author":[{"embeddable":true,"href":"https:\/\/www.imer.mx\/opus\/wp-json\/wp\/v2\/users\/187"}],"replies":[{"embeddable":true,"href":"https:\/\/www.imer.mx\/opus\/wp-json\/wp\/v2\/comments?post=25628"}],"version-history":[{"count":0,"href":"https:\/\/www.imer.mx\/opus\/wp-json\/wp\/v2\/posts\/25628\/revisions"}],"wp:featuredmedia":[{"embeddable":true,"href":"https:\/\/www.imer.mx\/opus\/wp-json\/wp\/v2\/media\/25629"}],"wp:attachment":[{"href":"https:\/\/www.imer.mx\/opus\/wp-json\/wp\/v2\/media?parent=25628"}],"wp:term":[{"taxonomy":"category","embeddable":true,"href":"https:\/\/www.imer.mx\/opus\/wp-json\/wp\/v2\/categories?post=25628"},{"taxonomy":"post_tag","embeddable":true,"href":"https:\/\/www.imer.mx\/opus\/wp-json\/wp\/v2\/tags?post=25628"}],"curies":[{"name":"wp","href":"https:\/\/api.w.org\/{rel}","templated":true}]}}