{"id":23088,"date":"2021-05-07T16:05:08","date_gmt":"2021-05-07T21:05:08","guid":{"rendered":"https:\/\/www.imer.mx\/opus\/?p=23088"},"modified":"2021-05-11T17:53:28","modified_gmt":"2021-05-11T22:53:28","slug":"entre-cines-y-conciertos-carlo-ayhllon-compositor","status":"publish","type":"post","link":"https:\/\/www.imer.mx\/opus\/entre-cines-y-conciertos-carlo-ayhllon-compositor\/","title":{"rendered":"Entre cines y conciertos \/ Carlo Ayhll\u00f3n, compositor"},"content":{"rendered":"<h2>Entre cines y conciertos &#8211; Carlo Ayhll\u00f3n, compositor<\/h2>\n<p>\t\t\t\t\t\t\t\t\t\t\t\t<img decoding=\"async\" width=\"300\" height=\"300\" src=\"https:\/\/www.imer.mx\/opus\/wp-content\/uploads\/sites\/13\/homena-POD-ay-300x300.jpg\" alt=\"\" loading=\"lazy\" \/>\t\t\t\t\t\t\t\t\t\t\t\t\t\t<\/p>\n<h4>Sinopsis<\/h4>\n<p>Pl\u00e1tica y audici\u00f3n de la m\u00fasica de concierto y para cine del joven compositor Carlo Ayhll\u00f3n.<\/p>\n<h4>Ficha t\u00e9cnica<\/h4>\n<p>CONDUCTOR: \u00d3scar Edwin Garc\u00eda<\/p>\n<p>INVITADO\/A: Rodrigo Ru\u00edz<\/p>\n<p>GRABACI\u00d3N: marzo de 2021<\/p>\n<p>TRANSMISI\u00d3N: 26 de abril de 2021<\/p>\n<p>DURACI\u00d3N: 55&#8242;<\/p>\n<p>M\u00daSICALIZACI\u00d3N: \u00d3scar Edwin Garc\u00eda<\/p>\n<p>PRODUCCI\u00d3N: \u00d3scar Edwin Garc\u00eda<\/p>\n<h2>Emociona a otros con este contenido<\/h2>\n<p>\t\t\t\t\t\t\t\tShare on facebook<br \/>\n\t\t\t\t\t\t\t\tShare on twitter<br \/>\n\t\t\t\t\t\t\t\tShare on linkedin<\/p>\n","protected":false},"excerpt":{"rendered":"<p>Pl\u00e1tica y audici\u00f3n de la m\u00fasica de concierto y para cine del joven compositor Carlo Ayhll\u00f3n.<\/p>\n","protected":false},"author":187,"featured_media":23090,"comment_status":"open","ping_status":"open","sticky":false,"template":"","format":"standard","meta":{"wp_popup_display_lightbox":0,"wp_popup_suppress":"","wp_popup_trigger":"","wp_popup_trigger_amount":0,"wp_popup_disable_on_mobile":false,"footnotes":""},"categories":[51],"tags":[50,85,79,65],"class_list":["post-23088","post","type-post","status-publish","format-standard","has-post-thumbnail","hentry","category-homenajes","tag-biografia","tag-cinematografica","tag-crossover","tag-contemporanea","category-51","description-off"],"_links":{"self":[{"href":"https:\/\/www.imer.mx\/opus\/wp-json\/wp\/v2\/posts\/23088","targetHints":{"allow":["GET"]}}],"collection":[{"href":"https:\/\/www.imer.mx\/opus\/wp-json\/wp\/v2\/posts"}],"about":[{"href":"https:\/\/www.imer.mx\/opus\/wp-json\/wp\/v2\/types\/post"}],"author":[{"embeddable":true,"href":"https:\/\/www.imer.mx\/opus\/wp-json\/wp\/v2\/users\/187"}],"replies":[{"embeddable":true,"href":"https:\/\/www.imer.mx\/opus\/wp-json\/wp\/v2\/comments?post=23088"}],"version-history":[{"count":0,"href":"https:\/\/www.imer.mx\/opus\/wp-json\/wp\/v2\/posts\/23088\/revisions"}],"wp:featuredmedia":[{"embeddable":true,"href":"https:\/\/www.imer.mx\/opus\/wp-json\/wp\/v2\/media\/23090"}],"wp:attachment":[{"href":"https:\/\/www.imer.mx\/opus\/wp-json\/wp\/v2\/media?parent=23088"}],"wp:term":[{"taxonomy":"category","embeddable":true,"href":"https:\/\/www.imer.mx\/opus\/wp-json\/wp\/v2\/categories?post=23088"},{"taxonomy":"post_tag","embeddable":true,"href":"https:\/\/www.imer.mx\/opus\/wp-json\/wp\/v2\/tags?post=23088"}],"curies":[{"name":"wp","href":"https:\/\/api.w.org\/{rel}","templated":true}]}}