{"id":23061,"date":"2021-05-06T22:00:54","date_gmt":"2021-05-07T03:00:54","guid":{"rendered":"https:\/\/www.imer.mx\/opus\/?p=23061"},"modified":"2021-05-06T12:05:58","modified_gmt":"2021-05-06T17:05:58","slug":"aida-de-verdi-con-anita-cerquetti-en-bellas-artes-1958","status":"publish","type":"post","link":"https:\/\/www.imer.mx\/opus\/aida-de-verdi-con-anita-cerquetti-en-bellas-artes-1958\/","title":{"rendered":"Aida de Verdi, con Anita Cerquetti en Bellas Artes 1958"},"content":{"rendered":"<figure>\n\t\t\t\t\t\t\t\t\t\t<img decoding=\"async\" width=\"500\" height=\"500\" src=\"https:\/\/www.imer.mx\/opus\/wp-content\/uploads\/sites\/13\/Anita-Cerquetti-min.jpg\" alt=\"\" loading=\"lazy\" srcset=\"https:\/\/www.imer.mx\/opus\/wp-content\/uploads\/sites\/13\/Anita-Cerquetti-min.jpg 500w, https:\/\/www.imer.mx\/opus\/wp-content\/uploads\/sites\/13\/Anita-Cerquetti-min-300x300.jpg 300w, https:\/\/www.imer.mx\/opus\/wp-content\/uploads\/sites\/13\/Anita-Cerquetti-min-150x150.jpg 150w\" sizes=\"auto, (max-width: 500px) 100vw, 500px\" \/><figcaption><\/figcaption><\/figure>\n<h4>Sinopsis<\/h4>\n<p>Una legendaria funci\u00f3n del 24 de septiembre de 1958 en el Teatro del Palacio de Bellas Artes de la que se habl\u00f3 por mucho tiempo y cuya grabaci\u00f3n ha sido muy codiciada entre los coleccionistas. A todos en su \u00e9poca marc\u00f3 la presencia en M\u00e9xico de la m\u00edtica soprano Anita Cerquetti como la esclava etiope, a quien acompa\u00f1aban en el elenco el tenor Flaviano Lab\u00f2 como el guerrero egipcio Radam\u00e8s, la mezzosoprano Nell Rankin como la princesa egipcia Amneris, el bar\u00edtono Cornell McNeil como el rey etiope Amonasro, Ramfis lo cant\u00f3 el bajo Nicola Zaccaria, dirigidos por Antonio Narducci.<\/p>\n<h4>Ficha t\u00e9cnica<\/h4>\n<p>CONDUCTOR: Erick Zerme\u00f1o<\/p>\n<p>INVITADO\/A: Ninguno.<\/p>\n<p>GRABACI\u00d3N: mayo, 2021<\/p>\n<p>TRANSMISI\u00d3N: 06 mayo 2021<\/p>\n<p>DURACI\u00d3N: 55&#8242;<\/p>\n<p>M\u00daSICALIZACI\u00d3N: Erick Zerme\u00f1o<\/p>\n<p>PRODUCCI\u00d3N: Erick Zerme\u00f1o<\/p>\n<h2>Emociona a otros con este contenido<\/h2>\n<p>\t\t\t\t\t\t\t\tShare on facebook<br \/>\n\t\t\t\t\t\t\t\tShare on twitter<br \/>\n\t\t\t\t\t\t\t\tShare on linkedin<\/p>\n","protected":false},"excerpt":{"rendered":"<p>Una legendaria funci\u00f3n del 24 de septiembre de 1958 en el Teatro del Palacio de Bellas Artes de la que se habl\u00f3 por mucho tiempo y cuya grabaci\u00f3n ha sido muy codiciada entre los coleccionistas&#8230;<\/p>\n","protected":false},"author":184,"featured_media":23064,"comment_status":"open","ping_status":"open","sticky":false,"template":"","format":"standard","meta":{"wp_popup_display_lightbox":0,"wp_popup_suppress":"","wp_popup_trigger":"","wp_popup_trigger_amount":0,"wp_popup_disable_on_mobile":false,"footnotes":""},"categories":[48],"tags":[64,47],"class_list":["post-23061","post","type-post","status-publish","format-standard","has-post-thumbnail","hentry","category-viva-la-opera","tag-mujeres","tag-opera","category-48","description-off"],"_links":{"self":[{"href":"https:\/\/www.imer.mx\/opus\/wp-json\/wp\/v2\/posts\/23061","targetHints":{"allow":["GET"]}}],"collection":[{"href":"https:\/\/www.imer.mx\/opus\/wp-json\/wp\/v2\/posts"}],"about":[{"href":"https:\/\/www.imer.mx\/opus\/wp-json\/wp\/v2\/types\/post"}],"author":[{"embeddable":true,"href":"https:\/\/www.imer.mx\/opus\/wp-json\/wp\/v2\/users\/184"}],"replies":[{"embeddable":true,"href":"https:\/\/www.imer.mx\/opus\/wp-json\/wp\/v2\/comments?post=23061"}],"version-history":[{"count":0,"href":"https:\/\/www.imer.mx\/opus\/wp-json\/wp\/v2\/posts\/23061\/revisions"}],"wp:featuredmedia":[{"embeddable":true,"href":"https:\/\/www.imer.mx\/opus\/wp-json\/wp\/v2\/media\/23064"}],"wp:attachment":[{"href":"https:\/\/www.imer.mx\/opus\/wp-json\/wp\/v2\/media?parent=23061"}],"wp:term":[{"taxonomy":"category","embeddable":true,"href":"https:\/\/www.imer.mx\/opus\/wp-json\/wp\/v2\/categories?post=23061"},{"taxonomy":"post_tag","embeddable":true,"href":"https:\/\/www.imer.mx\/opus\/wp-json\/wp\/v2\/tags?post=23061"}],"curies":[{"name":"wp","href":"https:\/\/api.w.org\/{rel}","templated":true}]}}