{"id":22663,"date":"2021-04-26T23:11:18","date_gmt":"2021-04-27T04:11:18","guid":{"rendered":"https:\/\/www.imer.mx\/opus\/?p=22663"},"modified":"2021-05-11T17:53:15","modified_gmt":"2021-05-11T22:53:15","slug":"mas-alla-de-las-estrellas-ii-rodrigo-ruiz-compositor-y-director","status":"publish","type":"post","link":"https:\/\/www.imer.mx\/opus\/mas-alla-de-las-estrellas-ii-rodrigo-ruiz-compositor-y-director\/","title":{"rendered":"M\u00e1s all\u00e1 de las estrellas II \/ Rodrigo Ru\u00edz, compositor y director"},"content":{"rendered":"<h2>Homenajes &#8211; M\u00e1s all\u00e1 de las estrellas II\/Rodrigo Ru\u00edz, compositor y director <\/h2>\n<p>\t\t\t\t\t\t\t\t\t\t\t\t<img decoding=\"async\" width=\"300\" height=\"300\" src=\"https:\/\/www.imer.mx\/opus\/wp-content\/uploads\/sites\/13\/HOM-POD-R2-300x300.jpg\" alt=\"\" loading=\"lazy\" \/>\t\t\t\t\t\t\t\t\t\t\t\t\t\t<\/p>\n<h4>Sinopsis<\/h4>\n<p>Estreno del \u00e1lbum Behold the stars del joven compositor y director mexicano Rodrigo Ru\u00edz.<\/p>\n<h4>Ficha t\u00e9cnica<\/h4>\n<p>CONDUCTOR: \u00d3scar Edwin Garc\u00eda<\/p>\n<p>INVITADO\/A: Rodrigo Ru\u00edz<\/p>\n<p>GRABACI\u00d3N: marzo de 2021<\/p>\n<p>TRANSMISI\u00d3N: 19 de abril de 2021<\/p>\n<p>DURACI\u00d3N: 55&#8242;<\/p>\n<p>M\u00daSICALIZACI\u00d3N: \u00d3scar Edwin Garc\u00eda<\/p>\n<p>PRODUCCI\u00d3N: \u00d3scar Edwin Garc\u00eda<\/p>\n<h2>Emociona a otros con este contenido<\/h2>\n<p>\t\t\t\t\t\t\t\tShare on facebook<br \/>\n\t\t\t\t\t\t\t\tShare on twitter<br \/>\n\t\t\t\t\t\t\t\tShare on linkedin<\/p>\n","protected":false},"excerpt":{"rendered":"<p>Estreno del \u00e1lbum Behold the stars del joven compositor y director mexicano Rodrigo Ru\u00edz.<\/p>\n","protected":false},"author":187,"featured_media":22664,"comment_status":"open","ping_status":"open","sticky":false,"template":"","format":"standard","meta":{"wp_popup_display_lightbox":0,"wp_popup_suppress":"","wp_popup_trigger":"","wp_popup_trigger_amount":0,"wp_popup_disable_on_mobile":false,"footnotes":""},"categories":[51],"tags":[50,79,65],"class_list":["post-22663","post","type-post","status-publish","format-standard","has-post-thumbnail","hentry","category-homenajes","tag-biografia","tag-crossover","tag-contemporanea","category-51","description-off"],"_links":{"self":[{"href":"https:\/\/www.imer.mx\/opus\/wp-json\/wp\/v2\/posts\/22663","targetHints":{"allow":["GET"]}}],"collection":[{"href":"https:\/\/www.imer.mx\/opus\/wp-json\/wp\/v2\/posts"}],"about":[{"href":"https:\/\/www.imer.mx\/opus\/wp-json\/wp\/v2\/types\/post"}],"author":[{"embeddable":true,"href":"https:\/\/www.imer.mx\/opus\/wp-json\/wp\/v2\/users\/187"}],"replies":[{"embeddable":true,"href":"https:\/\/www.imer.mx\/opus\/wp-json\/wp\/v2\/comments?post=22663"}],"version-history":[{"count":0,"href":"https:\/\/www.imer.mx\/opus\/wp-json\/wp\/v2\/posts\/22663\/revisions"}],"wp:featuredmedia":[{"embeddable":true,"href":"https:\/\/www.imer.mx\/opus\/wp-json\/wp\/v2\/media\/22664"}],"wp:attachment":[{"href":"https:\/\/www.imer.mx\/opus\/wp-json\/wp\/v2\/media?parent=22663"}],"wp:term":[{"taxonomy":"category","embeddable":true,"href":"https:\/\/www.imer.mx\/opus\/wp-json\/wp\/v2\/categories?post=22663"},{"taxonomy":"post_tag","embeddable":true,"href":"https:\/\/www.imer.mx\/opus\/wp-json\/wp\/v2\/tags?post=22663"}],"curies":[{"name":"wp","href":"https:\/\/api.w.org\/{rel}","templated":true}]}}