{"id":21989,"date":"2021-04-14T19:54:52","date_gmt":"2021-04-15T00:54:52","guid":{"rendered":"https:\/\/www.imer.mx\/opus\/?p=21989"},"modified":"2021-05-05T21:31:42","modified_gmt":"2021-05-06T02:31:42","slug":"rondo-en-la-menor-k-511-de-wolfgang-amadeus-mozart","status":"publish","type":"post","link":"https:\/\/www.imer.mx\/opus\/rondo-en-la-menor-k-511-de-wolfgang-amadeus-mozart\/","title":{"rendered":"Rondo en la menor, K.511, de Wolfgang Amadeus Mozart."},"content":{"rendered":"<figure>\n\t\t\t\t\t\t\t\t\t\t<img loading=\"lazy\" decoding=\"async\" width=\"500\" height=\"500\" src=\"https:\/\/www.imer.mx\/opus\/wp-content\/uploads\/sites\/13\/Mozart-min.jpg\" alt=\"\" \/><figcaption><\/figcaption><\/figure>\n<h4>Sinopsis<\/h4>\n<p>Mozart ten\u00eda 31 a\u00f1os cuando escribi\u00f3 esta obra en 1787, por su car\u00e1cter l\u00fadico pero ligeramente melanc\u00f3lico, es una de las piezas para piano m\u00e1s destacadas de Mozart; Javier Platas presenta en esta ocasi\u00f3n el Rondo en la menor, K.511, de Wolfgang Amadeus Mozart, en la versi\u00f3n de los interpretes, Mitsuko Uchida, Adras schiff, Alfred Brendel y Claudio Arrau.<\/p>\n<h4>Ficha t\u00e9cnica<\/h4>\n<p>CONDUCTOR: Javier Platas<\/p>\n<p>INVITADO\/A: Ninguno.<\/p>\n<p>GRABACI\u00d3N: marzo, 2021<\/p>\n<p>TRANSMISI\u00d3N: 30 marzo 2021<\/p>\n<p>DURACI\u00d3N: 61&#8242;<\/p>\n<p>M\u00daSICALIZACI\u00d3N: Javier Platas<\/p>\n<p>PRODUCCI\u00d3N: Nancy Bardales, Jorge Pi\u00f1a, Alberto Solano<\/p>\n<h2>Emociona a otros con este contenido<\/h2>\n<p>\t\t\t\t\t\t\t\tShare on facebook<br \/>\n\t\t\t\t\t\t\t\tShare on twitter<br \/>\n\t\t\t\t\t\t\t\tShare on linkedin<\/p>\n","protected":false},"excerpt":{"rendered":"<p>Mozart ten\u00eda 31 a\u00f1os cuando escribi\u00f3 esta obra en 1787, por su car\u00e1cter l\u00fadico pero ligeramente melanc\u00f3lico, es una de las piezas para piano m\u00e1s destacadas de Mozart<\/p>\n","protected":false},"author":191,"featured_media":22027,"comment_status":"open","ping_status":"open","sticky":false,"template":"","format":"standard","meta":{"wp_popup_display_lightbox":0,"wp_popup_suppress":"","wp_popup_trigger":"","wp_popup_trigger_amount":0,"wp_popup_disable_on_mobile":false,"footnotes":""},"categories":[74],"tags":[66],"class_list":["post-21989","post","type-post","status-publish","format-standard","has-post-thumbnail","hentry","category-la-otra-version","tag-clasica","category-74","description-off"],"_links":{"self":[{"href":"https:\/\/www.imer.mx\/opus\/wp-json\/wp\/v2\/posts\/21989","targetHints":{"allow":["GET"]}}],"collection":[{"href":"https:\/\/www.imer.mx\/opus\/wp-json\/wp\/v2\/posts"}],"about":[{"href":"https:\/\/www.imer.mx\/opus\/wp-json\/wp\/v2\/types\/post"}],"author":[{"embeddable":true,"href":"https:\/\/www.imer.mx\/opus\/wp-json\/wp\/v2\/users\/191"}],"replies":[{"embeddable":true,"href":"https:\/\/www.imer.mx\/opus\/wp-json\/wp\/v2\/comments?post=21989"}],"version-history":[{"count":0,"href":"https:\/\/www.imer.mx\/opus\/wp-json\/wp\/v2\/posts\/21989\/revisions"}],"wp:featuredmedia":[{"embeddable":true,"href":"https:\/\/www.imer.mx\/opus\/wp-json\/wp\/v2\/media\/22027"}],"wp:attachment":[{"href":"https:\/\/www.imer.mx\/opus\/wp-json\/wp\/v2\/media?parent=21989"}],"wp:term":[{"taxonomy":"category","embeddable":true,"href":"https:\/\/www.imer.mx\/opus\/wp-json\/wp\/v2\/categories?post=21989"},{"taxonomy":"post_tag","embeddable":true,"href":"https:\/\/www.imer.mx\/opus\/wp-json\/wp\/v2\/tags?post=21989"}],"curies":[{"name":"wp","href":"https:\/\/api.w.org\/{rel}","templated":true}]}}