{"id":16782,"date":"2020-05-29T11:04:49","date_gmt":"2020-05-29T16:04:49","guid":{"rendered":"https:\/\/www.imer.mx\/opus\/?p=16782"},"modified":"2020-05-29T11:06:17","modified_gmt":"2020-05-29T16:06:17","slug":"unidos-a-traves-de-la-musica","status":"publish","type":"post","link":"https:\/\/www.imer.mx\/opus\/unidos-a-traves-de-la-musica\/","title":{"rendered":"Unidos a trav\u00e9s de la m\u00fasica"},"content":{"rendered":"<div class=\"wpb-content-wrapper\"><p>[vc_row][vc_column][vc_cta h2=&#8221;El programa musical de este concierto lleva tres figuras claves de la escena musical alemana del siglo XIX: Johannes Brahms, Clara Schumann y Robert Schumann, quienes vivieron durante mucho tiempo en la ciudad de D\u00fcsseldorf, desde donde ser\u00e1 transmitido el espect\u00e1culo.&#8221; h2_font_container=&#8221;font_size:20px|color:%23000000|line_height:1.4em&#8221; h2_google_fonts=&#8221;font_family:Montserrat%3Aregular%2C700|font_style:400%20regular%3A400%3Anormal&#8221; use_custom_fonts_h2=&#8221;true&#8221;][\/vc_cta][vc_empty_space height=&#8221;8px&#8221;][vc_column_text]<\/p>\n<h5>Fuente: <a href=\"https:\/\/www.informador.mx\/cultura\/Unidos-a-traves-de-la-musica-20200528-0004.html\" target=\"_blank\" rel=\"noopener noreferrer\">informador.mx<\/a><\/h5>\n<h5><\/h5>\n<p>[\/vc_column_text][vc_column_text]<\/p>\n<p><main class=\"contenido-articulo\" role=\"main\">28 de Mayo 2020<\/main><main role=\"main\"><\/main><main role=\"main\"><\/main><main role=\"main\"><\/main>Llega el evento \u201cSeparados y aun as\u00ed, unidos\u201d con el objetivo de llevar m\u00fasica y arte a todos los ciudadanos que se cuidan y cuidan a los otros a trav\u00e9s de permanecer en casa para cumplir con el distanciamiento social que evita la propagaci\u00f3n del COVID-19.<strong>\u00a0\u00c9ste es posible gracias a la suma de esfuerzos del\u00a0Bezirk\u00a0Goethe-Zentrum,\u00a0Goethe-Institut\u00a0Mexiko, la Asociaci\u00f3n de Educaci\u00f3n y Cultura Alejandro\u00a0von\u00a0Humboldt\u00a0Guatemala, el Foro Cultural Salvadore\u00f1o Alem\u00e1n, la Secretar\u00eda de Cultura de Jalisco y D\u00fao\u00a0Aust.<\/strong><\/p>\n<p>El concierto del D\u00fao Aust se realizar\u00e1 este 31 de mayo (12:00 horas) a trav\u00e9s de\u00a0<a href=\"https:\/\/www.facebook.com\/BezirkGDL\" target=\"_blank\" rel=\"noopener noreferrer\"><strong>www.facebook.com\/BezirkGDL<\/strong><\/a>\u00a0y estar\u00e1 centrado en el intercambio musical entre Alemania, M\u00e9xico y Centroam\u00e9rica, y dedicado a los amigos que los hermanos Bettina y Robert Aust conocieron en sus giras por esta regi\u00f3n de Am\u00e9rica en 2017 y 2019.<\/p>\n<div id=\"teads_ad\">\n<div id=\"div-gpt-ad-1548262875188-0\"><\/div>\n<\/div>\n<div id=\"div-pos-2\"><\/div>\n<div id=\"div-gpt-ad-1539621500235-0\"><\/div>\n<p>\u201cSeparados y aun as\u00ed, unidos\u201d podr\u00e1 vivirse casi de manera presencial, ya que a trav\u00e9s de las redes sociales de Bezirk antes mencionadas se podr\u00e1 elegir una canci\u00f3n para que sea tocada por el D\u00fao al final de concierto, a trav\u00e9s de una encuesta interactiva.<\/p>\n<div class=\" b2\"><\/div>\n<p><strong>El programa musical de este concierto lleva tres figuras claves de la escena musical alemana del siglo\u00a0XIX:\u00a0Johannes\u00a0Brahms, Clara\u00a0Schumann\u00a0y\u00a0Robert\u00a0Schumann, quienes vivieron durante mucho tiempo en la ciudad de\u00a0D\u00fcsseldorf, desde donde ser\u00e1 transmitido el espect\u00e1culo.<\/strong><\/p>\n<p>Pero no s\u00f3lo Alemania estar\u00e1 presente en el concierto, ya que con un corto Intermezzo del compositor mexicano Manuel Ponce (1882-1948), \u00a0Robert permitir\u00e1 al mundo echar una peque\u00f1a mirada a las grandes composiciones rom\u00e1nticas mexicanas.\u00a0<strong>Adem\u00e1s, la \u201cCanci\u00f3n de Cuna\u201d del compositor guatemalteco Joaqu\u00edn\u00a0Orellana\u00a0(1930), derretir\u00e1 los corazones tanto del p\u00fablico como de los m\u00fasicos.\u00a0<\/strong><\/p>\n<p>Tambi\u00e9n habr\u00e1 piezas de \u201cBul\u00e1wa\u201d del m\u00fasico costarricense Manuel Matarrita (1972), cuya obra fue inspirada por los sonidos folcl\u00f3ricos que existen en su pa\u00eds natal, en El Salvador y Nicaragua.<\/p>\n<h4>M\u00fasicos destacados<\/h4>\n<p>El D\u00fao Aust est\u00e1 formado por los hermanos Bettina y Robert Aust. En la actualidad, es uno de los d\u00faos con m\u00e1s presencia en su g\u00e9nero y en los \u00faltimos a\u00f1os, se han caracterizado por ser uno de los principales conjuntos para clarinete y piano a nivel nacional (Alemania) e internacional.\u00a0<strong>El d\u00fao ha brindado numerosos conciertos en diversas salas de Europa y el mundo.<\/strong><\/p>\n<section class=\"more_info | border_1 border_top pull_right\"><\/section>\n<p>[\/vc_column_text][vc_empty_space height=&#8221;8px&#8221;][vc_column_text]<\/p>\n<h4>Lea el art\u00edculo completo en: <a href=\"https:\/\/www.informador.mx\/cultura\/Unidos-a-traves-de-la-musica-20200528-0004.html\" target=\"_blank\" rel=\"noopener noreferrer\">informador.mx<\/a><\/h4>\n<p>[\/vc_column_text][\/vc_column][\/vc_row]<\/p>\n<\/div>","protected":false},"excerpt":{"rendered":"<p>[vc_row][vc_column][vc_cta h2=&#8221;El programa musical de este concierto lleva tres figuras claves de la escena musical alemana del siglo XIX: Johannes Brahms, Clara Schumann y Robert Schumann, quienes vivieron durante mucho tiempo en la ciudad de D\u00fcsseldorf, desde donde ser\u00e1 transmitido el espect\u00e1culo.&#8221; h2_font_container=&#8221;font_size:20px|color:%23000000|line_height:1.4em&#8221; h2_google_fonts=&#8221;font_family:Montserrat%3Aregular%2C700|font_style:400%20regular%3A400%3Anormal&#8221; use_custom_fonts_h2=&#8221;true&#8221;][\/vc_cta][vc_empty_space height=&#8221;8px&#8221;][vc_column_text] Fuente: informador.mx [\/vc_column_text][vc_column_text] 28 de Mayo 2020Llega el evento&hellip;<\/p>\n","protected":false},"author":1,"featured_media":16783,"comment_status":"open","ping_status":"open","sticky":false,"template":"","format":"standard","meta":{"wp_popup_display_lightbox":0,"wp_popup_suppress":"","wp_popup_trigger":"","wp_popup_trigger_amount":0,"wp_popup_disable_on_mobile":false,"footnotes":""},"categories":[37],"tags":[],"class_list":["post-16782","post","type-post","status-publish","format-standard","has-post-thumbnail","hentry","category-articulos-recomendados","category-37","description-off"],"_links":{"self":[{"href":"https:\/\/www.imer.mx\/opus\/wp-json\/wp\/v2\/posts\/16782","targetHints":{"allow":["GET"]}}],"collection":[{"href":"https:\/\/www.imer.mx\/opus\/wp-json\/wp\/v2\/posts"}],"about":[{"href":"https:\/\/www.imer.mx\/opus\/wp-json\/wp\/v2\/types\/post"}],"author":[{"embeddable":true,"href":"https:\/\/www.imer.mx\/opus\/wp-json\/wp\/v2\/users\/1"}],"replies":[{"embeddable":true,"href":"https:\/\/www.imer.mx\/opus\/wp-json\/wp\/v2\/comments?post=16782"}],"version-history":[{"count":0,"href":"https:\/\/www.imer.mx\/opus\/wp-json\/wp\/v2\/posts\/16782\/revisions"}],"wp:featuredmedia":[{"embeddable":true,"href":"https:\/\/www.imer.mx\/opus\/wp-json\/wp\/v2\/media\/16783"}],"wp:attachment":[{"href":"https:\/\/www.imer.mx\/opus\/wp-json\/wp\/v2\/media?parent=16782"}],"wp:term":[{"taxonomy":"category","embeddable":true,"href":"https:\/\/www.imer.mx\/opus\/wp-json\/wp\/v2\/categories?post=16782"},{"taxonomy":"post_tag","embeddable":true,"href":"https:\/\/www.imer.mx\/opus\/wp-json\/wp\/v2\/tags?post=16782"}],"curies":[{"name":"wp","href":"https:\/\/api.w.org\/{rel}","templated":true}]}}