{"id":16763,"date":"2020-05-23T13:31:53","date_gmt":"2020-05-23T18:31:53","guid":{"rendered":"https:\/\/www.imer.mx\/opus\/?p=16763"},"modified":"2021-03-22T12:07:10","modified_gmt":"2021-03-22T18:07:10","slug":"notas-y-claves-sabado-23-de-mayo-2020","status":"publish","type":"post","link":"https:\/\/www.imer.mx\/opus\/notas-y-claves-sabado-23-de-mayo-2020\/","title":{"rendered":"Notas y claves &#8211; S\u00e1bado 23 de mayo 2020"},"content":{"rendered":"\n<p><p><strong>Sintonice<\/strong> el programa<strong> &#8220;Notas y claves&#8221;<\/strong> este <strong>s\u00e1bado 23 de mayo de 17:00 a 18:00 horas<\/strong>. Transmitiremos un programa dedicado a la m\u00fasica instrumental de compositores habitualmente asociados a la \u00f3pera como <strong>Vincenzo Bellini <\/strong>(1801-1835)<strong>,<\/strong> <strong>Giuseppe Verdi<\/strong> (1813-1901) y <strong>Giovanni Paisiello <\/strong>(1740-1816)<br>Escucharemos las siguientes obras:<\/p>\n<p><br>1.- Concierto en mi bemol mayor para oboe y orquesta de<strong> Vincenzo Bellini<\/strong><\/p><\/p>\n\n\n\n<p>2.- Variaciones para oboe y orquesta de<strong> Giuseppe Verdi<\/strong><\/p>\n\n\n\n<p>3.- Sinfon\u00eda en do mayor de<strong> Giuseppe Verdi<\/strong><\/p>\n\n\n\n<p>4.- Concierto en sol menor para piano y orquesta de<strong> Giovanni paisiello.<\/strong><\/p>\n\n\n\n<p><strong>Interpretan:<\/strong><\/p>\n\n\n\n<p>Francesco Quaranta, oboe y el Ensamble de Conciertos de Salzburgo que dirige Alberto Veronesi,<\/p>\n\n\n\n<p>Alessandro Potenza, oboe y la Orquesta Sinf\u00f3nica de Mil\u00e1n Giuseppe Verdi que dirige Riccardo Chailly y,<\/p>\n\n\n\n<p>Mariaclara Monetti, piano y la Orquesta de C\u00e1mara Inglesa. Concertino y directora Stephanie Gonley.<\/p>\n","protected":false},"excerpt":{"rendered":"<p>Sintonice el programa &#8220;Notas y claves&#8221; este s\u00e1bado 23 de mayo de 17:00 a 18:00 horas. Transmitiremos un programa dedicado a la m\u00fasica instrumental de compositores habitualmente asociados a la \u00f3pera como Vincenzo Bellini (1801-1835), Giuseppe Verdi (1813-1901) y Giovanni Paisiello (1740-1816)Escucharemos las siguientes obras: 1.- Concierto en mi bemol mayor para oboe y orquesta&hellip;<\/p>\n","protected":false},"author":6,"featured_media":10406,"comment_status":"open","ping_status":"open","sticky":false,"template":"","format":"standard","meta":{"wp_popup_display_lightbox":0,"wp_popup_suppress":"","wp_popup_trigger":"","wp_popup_trigger_amount":0,"wp_popup_disable_on_mobile":false,"footnotes":""},"categories":[33],"tags":[],"class_list":["post-16763","post","type-post","status-publish","format-standard","has-post-thumbnail","hentry","category-notas-y-claves","category-33","description-off"],"_links":{"self":[{"href":"https:\/\/www.imer.mx\/opus\/wp-json\/wp\/v2\/posts\/16763","targetHints":{"allow":["GET"]}}],"collection":[{"href":"https:\/\/www.imer.mx\/opus\/wp-json\/wp\/v2\/posts"}],"about":[{"href":"https:\/\/www.imer.mx\/opus\/wp-json\/wp\/v2\/types\/post"}],"author":[{"embeddable":true,"href":"https:\/\/www.imer.mx\/opus\/wp-json\/wp\/v2\/users\/6"}],"replies":[{"embeddable":true,"href":"https:\/\/www.imer.mx\/opus\/wp-json\/wp\/v2\/comments?post=16763"}],"version-history":[{"count":0,"href":"https:\/\/www.imer.mx\/opus\/wp-json\/wp\/v2\/posts\/16763\/revisions"}],"wp:featuredmedia":[{"embeddable":true,"href":"https:\/\/www.imer.mx\/opus\/wp-json\/wp\/v2\/media\/10406"}],"wp:attachment":[{"href":"https:\/\/www.imer.mx\/opus\/wp-json\/wp\/v2\/media?parent=16763"}],"wp:term":[{"taxonomy":"category","embeddable":true,"href":"https:\/\/www.imer.mx\/opus\/wp-json\/wp\/v2\/categories?post=16763"},{"taxonomy":"post_tag","embeddable":true,"href":"https:\/\/www.imer.mx\/opus\/wp-json\/wp\/v2\/tags?post=16763"}],"curies":[{"name":"wp","href":"https:\/\/api.w.org\/{rel}","templated":true}]}}