{"id":16700,"date":"2020-05-09T01:24:16","date_gmt":"2020-05-09T06:24:16","guid":{"rendered":"https:\/\/www.imer.mx\/opus\/?p=16700"},"modified":"2021-03-22T12:09:57","modified_gmt":"2021-03-22T18:09:57","slug":"programa-notas-y-claves-sabado-09-de-mayo","status":"publish","type":"post","link":"https:\/\/www.imer.mx\/opus\/programa-notas-y-claves-sabado-09-de-mayo\/","title":{"rendered":"Programa Notas y claves &#8211; S\u00e1bado 09 de mayo"},"content":{"rendered":"\n<p>Sintonice  este <strong>s\u00e1bado 9 de mayo<\/strong> el programa <strong>&#8220;Notas y claves&#8221;<\/strong> en punto de las 17:00 horas, Le presentaremos m\u00fasica para 2 arpas de la Francia del rey <strong>Luis XVI<\/strong> y la reina <strong>Mar\u00eda Antonieta<\/strong>.<br>Escucharemos obras de <strong>Philippe-Jacques Meyer<\/strong> (1737-1819), <strong>Mar\u00eda Cosway<\/strong> (1760-1838), <strong>Jean-Baptiste Krumpholtz<\/strong> (1742-1790) y <strong>Francesco Petrini <\/strong>(1744-1819).<\/p>\n\n\n\n<p>Interpretar\u00e1n <strong>Mara Galass<\/strong>i y <strong>Gabriella Bosio<\/strong> en las arpas.<\/p>\n","protected":false},"excerpt":{"rendered":"<p>Sintonice este s\u00e1bado 9 de mayo el programa &#8220;Notas y claves&#8221; en punto de las 17:00 horas, Le presentaremos m\u00fasica para 2 arpas de la Francia del rey Luis XVI y la reina Mar\u00eda Antonieta.Escucharemos obras de Philippe-Jacques Meyer (1737-1819), Mar\u00eda Cosway (1760-1838), Jean-Baptiste Krumpholtz (1742-1790) y Francesco Petrini (1744-1819). Interpretar\u00e1n Mara Galassi y Gabriella&hellip;<\/p>\n","protected":false},"author":6,"featured_media":16701,"comment_status":"open","ping_status":"open","sticky":false,"template":"","format":"standard","meta":{"wp_popup_display_lightbox":0,"wp_popup_suppress":"","wp_popup_trigger":"","wp_popup_trigger_amount":0,"wp_popup_disable_on_mobile":false,"footnotes":""},"categories":[33],"tags":[],"class_list":["post-16700","post","type-post","status-publish","format-standard","has-post-thumbnail","hentry","category-notas-y-claves","category-33","description-off"],"_links":{"self":[{"href":"https:\/\/www.imer.mx\/opus\/wp-json\/wp\/v2\/posts\/16700","targetHints":{"allow":["GET"]}}],"collection":[{"href":"https:\/\/www.imer.mx\/opus\/wp-json\/wp\/v2\/posts"}],"about":[{"href":"https:\/\/www.imer.mx\/opus\/wp-json\/wp\/v2\/types\/post"}],"author":[{"embeddable":true,"href":"https:\/\/www.imer.mx\/opus\/wp-json\/wp\/v2\/users\/6"}],"replies":[{"embeddable":true,"href":"https:\/\/www.imer.mx\/opus\/wp-json\/wp\/v2\/comments?post=16700"}],"version-history":[{"count":0,"href":"https:\/\/www.imer.mx\/opus\/wp-json\/wp\/v2\/posts\/16700\/revisions"}],"wp:featuredmedia":[{"embeddable":true,"href":"https:\/\/www.imer.mx\/opus\/wp-json\/wp\/v2\/media\/16701"}],"wp:attachment":[{"href":"https:\/\/www.imer.mx\/opus\/wp-json\/wp\/v2\/media?parent=16700"}],"wp:term":[{"taxonomy":"category","embeddable":true,"href":"https:\/\/www.imer.mx\/opus\/wp-json\/wp\/v2\/categories?post=16700"},{"taxonomy":"post_tag","embeddable":true,"href":"https:\/\/www.imer.mx\/opus\/wp-json\/wp\/v2\/tags?post=16700"}],"curies":[{"name":"wp","href":"https:\/\/api.w.org\/{rel}","templated":true}]}}