{"id":16665,"date":"2020-04-30T17:05:08","date_gmt":"2020-04-30T22:05:08","guid":{"rendered":"https:\/\/www.imer.mx\/opus\/?p=16665"},"modified":"2020-04-30T17:09:37","modified_gmt":"2020-04-30T22:09:37","slug":"fallece-el-violonchelista-estadounidense-lynn-harrell","status":"publish","type":"post","link":"https:\/\/www.imer.mx\/opus\/fallece-el-violonchelista-estadounidense-lynn-harrell\/","title":{"rendered":"Fallece el violonchelista estadounidense Lynn Harrell"},"content":{"rendered":"<div class=\"wpb-content-wrapper\"><p>[vc_row][vc_column][vc_cta h2=&#8221;En 1971 se produjo -de nuevo en Nueva York- su debut como solista, iniciando as\u00ed una trayectoria que le llevar\u00eda a trabajar con muchos de los m\u00e1s importantes directores, solistas y orquestas del mundo.&#8221; h2_font_container=&#8221;font_size:20px|color:%23000000|line_height:1.4em&#8221; h2_google_fonts=&#8221;font_family:Montserrat%3Aregular%2C700|font_style:400%20regular%3A400%3Anormal&#8221; use_custom_fonts_h2=&#8221;true&#8221;][\/vc_cta][vc_empty_space height=&#8221;8px&#8221;][vc_column_text]<\/p>\n<h5>Fuente: <a href=\"https:\/\/scherzo.es\/fallece-el-violonchelista-estadounidense-lynn-harrell\/\" target=\"_blank\" rel=\"noopener noreferrer\">scherzo.es<\/a><\/h5>\n<h5><\/h5>\n<p>[\/vc_column_text][vc_column_text]29 Abril 2020<\/p>\n<p>El violonchelista estadounidense Lynn Harrell falleci\u00f3 el pasado 27 de abril a la edad de 76 a\u00f1os. Considerado como uno de los grandes maestros del violonchelo de las \u00faltimas d\u00e9cadas, colegas como Gautier Capu\u00e7on, Mischa Maisky, Donald Runnicles, Leonard Slatkin, Susanna M\u00e4lkki o Amanda Forsyth se han apresurado a expresar su consternaci\u00f3n por la noticia.<\/p>\n<p>Hijo del bar\u00edtono Mack Harrell y de la violinista Marjorie McAlister Fulton, Harrell naci\u00f3 en Nueva York el 30 de enero de 1944 y comenz\u00f3 a estudiar el violonchelo a los 8 a\u00f1os. Su debut se produjo en 1981 en el Carnegie Hall con la Orquesta Filarm\u00f3nica de Nueva York . En los inicios de su carrera profesional, Harrell mantuvo una estrecha relaci\u00f3n con la Orquesta de Cleveland, de la que fue principal violonchelista entre 1964 y 1971, as\u00ed como con su director, el h\u00fangaro George Szell.<\/p>\n<p>En 1971 se produjo -de nuevo en Nueva York- su debut como solista, iniciando as\u00ed una trayectoria que le llevar\u00eda a trabajar con muchos de los m\u00e1s importantes directores, solistas y orquestas del mundo. Harrell realiz\u00f3 tambi\u00e9n una importante labor docente en instituciones como la Royal Academy de Londres o la Juilliard School.[\/vc_column_text][vc_empty_space height=&#8221;8px&#8221;][vc_column_text]<\/p>\n<h4>Lea el art\u00edculo completo en: <a href=\"https:\/\/scherzo.es\/fallece-el-violonchelista-estadounidense-lynn-harrell\/\" target=\"_blank\" rel=\"noopener noreferrer\">scherzo.es<\/a><\/h4>\n<p>[\/vc_column_text][\/vc_column][\/vc_row]<\/p>\n<\/div>","protected":false},"excerpt":{"rendered":"<p>[vc_row][vc_column][vc_cta h2=&#8221;En 1971 se produjo -de nuevo en Nueva York- su debut como solista, iniciando as\u00ed una trayectoria que le llevar\u00eda a trabajar con muchos de los m\u00e1s importantes directores, solistas y orquestas del mundo.&#8221; h2_font_container=&#8221;font_size:20px|color:%23000000|line_height:1.4em&#8221; h2_google_fonts=&#8221;font_family:Montserrat%3Aregular%2C700|font_style:400%20regular%3A400%3Anormal&#8221; use_custom_fonts_h2=&#8221;true&#8221;][\/vc_cta][vc_empty_space height=&#8221;8px&#8221;][vc_column_text] Fuente: scherzo.es [\/vc_column_text][vc_column_text]29 Abril 2020 El violonchelista estadounidense Lynn Harrell falleci\u00f3 el pasado 27 de abril&hellip;<\/p>\n","protected":false},"author":1,"featured_media":16666,"comment_status":"open","ping_status":"open","sticky":false,"template":"","format":"standard","meta":{"wp_popup_display_lightbox":0,"wp_popup_suppress":"","wp_popup_trigger":"","wp_popup_trigger_amount":0,"wp_popup_disable_on_mobile":false,"footnotes":""},"categories":[37],"tags":[],"class_list":["post-16665","post","type-post","status-publish","format-standard","has-post-thumbnail","hentry","category-articulos-recomendados","category-37","description-off"],"_links":{"self":[{"href":"https:\/\/www.imer.mx\/opus\/wp-json\/wp\/v2\/posts\/16665","targetHints":{"allow":["GET"]}}],"collection":[{"href":"https:\/\/www.imer.mx\/opus\/wp-json\/wp\/v2\/posts"}],"about":[{"href":"https:\/\/www.imer.mx\/opus\/wp-json\/wp\/v2\/types\/post"}],"author":[{"embeddable":true,"href":"https:\/\/www.imer.mx\/opus\/wp-json\/wp\/v2\/users\/1"}],"replies":[{"embeddable":true,"href":"https:\/\/www.imer.mx\/opus\/wp-json\/wp\/v2\/comments?post=16665"}],"version-history":[{"count":0,"href":"https:\/\/www.imer.mx\/opus\/wp-json\/wp\/v2\/posts\/16665\/revisions"}],"wp:featuredmedia":[{"embeddable":true,"href":"https:\/\/www.imer.mx\/opus\/wp-json\/wp\/v2\/media\/16666"}],"wp:attachment":[{"href":"https:\/\/www.imer.mx\/opus\/wp-json\/wp\/v2\/media?parent=16665"}],"wp:term":[{"taxonomy":"category","embeddable":true,"href":"https:\/\/www.imer.mx\/opus\/wp-json\/wp\/v2\/categories?post=16665"},{"taxonomy":"post_tag","embeddable":true,"href":"https:\/\/www.imer.mx\/opus\/wp-json\/wp\/v2\/tags?post=16665"}],"curies":[{"name":"wp","href":"https:\/\/api.w.org\/{rel}","templated":true}]}}