{"id":15845,"date":"2019-11-29T19:25:07","date_gmt":"2019-11-30T01:25:07","guid":{"rendered":"https:\/\/www.imer.mx\/opus\/?p=15845"},"modified":"2021-03-22T12:10:25","modified_gmt":"2021-03-22T18:10:25","slug":"notas-y-claves-sabado-30-de-noviembre","status":"publish","type":"post","link":"https:\/\/www.imer.mx\/opus\/notas-y-claves-sabado-30-de-noviembre\/","title":{"rendered":"Notas y claves &#8211; S\u00e1bado 30 de noviembre"},"content":{"rendered":"\n<p> Sintonice el programa <strong>&#8220;Notas y claves&#8221;<\/strong> este <strong>s\u00e1bado 30 noviembre de 17:00 a 18:00 horas.<\/strong><br>Continuando con el ciclo de <strong>&#8220;M\u00fasica de c\u00e1mara  con fortepiano del primer romanticismo&#8221;<\/strong> le presentaremos en esta ocasi\u00f3n 2 quintetos con piano.<\/p>\n\n\n\n<p>El primero ser\u00e1 de <strong>John Baptist Cramer (1771-1868)<\/strong>, el <strong>Quinteto con piano en si bemol mayor Op.79.<\/strong><\/p>\n\n\n\n<p>Seguido del <strong>Quinteto con piano en fa menor <\/strong>de<strong> Jan Ladislaus Dussek (1760-1812)<\/strong>.<\/p>\n\n\n\n<p>Interpretar\u00e1 el Nepomuk Fortepiano Quintet.<\/p>\n","protected":false},"excerpt":{"rendered":"<p>Sintonice el programa &#8220;Notas y claves&#8221; este s\u00e1bado 30 noviembre de 17:00 a 18:00 horas.Continuando con el ciclo de &#8220;M\u00fasica de c\u00e1mara con fortepiano del primer romanticismo&#8221; le presentaremos en esta ocasi\u00f3n 2 quintetos con piano. El primero ser\u00e1 de John Baptist Cramer (1771-1868), el Quinteto con piano en si bemol mayor Op.79. Seguido del&hellip;<\/p>\n","protected":false},"author":6,"featured_media":15846,"comment_status":"open","ping_status":"open","sticky":false,"template":"","format":"standard","meta":{"wp_popup_display_lightbox":0,"wp_popup_suppress":"","wp_popup_trigger":"","wp_popup_trigger_amount":0,"wp_popup_disable_on_mobile":false,"footnotes":""},"categories":[33],"tags":[],"class_list":["post-15845","post","type-post","status-publish","format-standard","has-post-thumbnail","hentry","category-notas-y-claves","category-33","description-off"],"_links":{"self":[{"href":"https:\/\/www.imer.mx\/opus\/wp-json\/wp\/v2\/posts\/15845","targetHints":{"allow":["GET"]}}],"collection":[{"href":"https:\/\/www.imer.mx\/opus\/wp-json\/wp\/v2\/posts"}],"about":[{"href":"https:\/\/www.imer.mx\/opus\/wp-json\/wp\/v2\/types\/post"}],"author":[{"embeddable":true,"href":"https:\/\/www.imer.mx\/opus\/wp-json\/wp\/v2\/users\/6"}],"replies":[{"embeddable":true,"href":"https:\/\/www.imer.mx\/opus\/wp-json\/wp\/v2\/comments?post=15845"}],"version-history":[{"count":0,"href":"https:\/\/www.imer.mx\/opus\/wp-json\/wp\/v2\/posts\/15845\/revisions"}],"wp:featuredmedia":[{"embeddable":true,"href":"https:\/\/www.imer.mx\/opus\/wp-json\/wp\/v2\/media\/15846"}],"wp:attachment":[{"href":"https:\/\/www.imer.mx\/opus\/wp-json\/wp\/v2\/media?parent=15845"}],"wp:term":[{"taxonomy":"category","embeddable":true,"href":"https:\/\/www.imer.mx\/opus\/wp-json\/wp\/v2\/categories?post=15845"},{"taxonomy":"post_tag","embeddable":true,"href":"https:\/\/www.imer.mx\/opus\/wp-json\/wp\/v2\/tags?post=15845"}],"curies":[{"name":"wp","href":"https:\/\/api.w.org\/{rel}","templated":true}]}}