{"id":15820,"date":"2019-11-22T19:35:55","date_gmt":"2019-11-23T01:35:55","guid":{"rendered":"https:\/\/www.imer.mx\/opus\/?p=15820"},"modified":"2021-03-22T12:13:07","modified_gmt":"2021-03-22T18:13:07","slug":"sesiones-opus-lunes-25-de-noviembre","status":"publish","type":"post","link":"https:\/\/www.imer.mx\/opus\/sesiones-opus-lunes-25-de-noviembre\/","title":{"rendered":"Sesiones Opus &#8211; Lunes 25 de noviembre"},"content":{"rendered":"\n<p><strong>\u201cSesiones Opus\u201d<\/strong> cierra el mes noviembre presentando el recital de piano a cargo de Juan Antonio Santoyo quien interpretar\u00e1 obras de Wolfgang Amadeus Mozart, F\u00e9lix Mendelssohn, Manuel M. Ponce y Ricardo Castro<strong>. Lunes 25 de noviembre<\/strong> a las 17 horas. <strong>Estudio B <\/strong>del <strong>IMER, <\/strong>calle Mayorazgo no.83 col. Xoco.\u00a0 Confirme su lugar a los tel\u00e9fonos\u00a0<strong>5628-1717 y 5604-8124, <\/strong>y al correo <a href=\"mailto:opus@imer.com.mx\"><strong>opus@imer.com.mx<\/strong><\/a><strong>, <\/strong>o bien esc\u00fachenos en vivo por el <strong>\u00a094.5 de FM.<\/strong> <strong>Entrada libre. Cupo Limitado a 50 personas. <\/strong>No se podr\u00e1 acceder con ni\u00f1os menores de 8 a\u00f1os. <br><strong>\u00a1Opus 94 invita!<\/strong><\/p>\n\n\n\n<p>1.- WOLFGANG AMADEUS MOZART (1756 &#8211; 1791)<\/p>\n\n\n\n<p>Sonata en Si bemol mayor, Kv. 333\/315C<\/p>\n\n\n\n<p>I. Allegro II. Andante cantabile III. Allegretto grazioso <br><\/p>\n\n\n\n<p>2.- F\u00e9lix MENDELSSOHN BARTHOLDY (1809 &#8211; 1847) <\/p>\n\n\n\n<p>Rondo capriccioso, Op. 14<\/p>\n\n\n\n<p>3.- Manuel M. Ponce (1882 &#8211; 1948)<br> Cuatro Mazurkas<br> N\u00fam. 2, en do sostenido menor N\u00fam. 6, en re menor<br> N\u00fam. 12, en si menor N\u00fam. 20, en la menor<\/p>\n\n\n\n<p>4.- Ricardo Castro (1864 &#8211; 1907)<br> Valse Caprice Op. 1<\/p>\n","protected":false},"excerpt":{"rendered":"<p>\u201cSesiones Opus\u201d cierra el mes noviembre presentando el recital de piano a cargo de Juan Antonio Santoyo quien interpretar\u00e1 obras de Wolfgang Amadeus Mozart, F\u00e9lix Mendelssohn, Manuel M. Ponce y Ricardo Castro. Lunes 25 de noviembre a las 17 horas. Estudio B del IMER, calle Mayorazgo no.83 col. Xoco.\u00a0 Confirme su lugar a los tel\u00e9fonos\u00a05628-1717&hellip;<\/p>\n","protected":false},"author":6,"featured_media":15821,"comment_status":"open","ping_status":"open","sticky":false,"template":"","format":"standard","meta":{"wp_popup_display_lightbox":0,"wp_popup_suppress":"","wp_popup_trigger":"","wp_popup_trigger_amount":0,"wp_popup_disable_on_mobile":false,"footnotes":""},"categories":[9],"tags":[],"class_list":["post-15820","post","type-post","status-publish","format-standard","has-post-thumbnail","hentry","category-sesiones-opus","category-9","description-off"],"_links":{"self":[{"href":"https:\/\/www.imer.mx\/opus\/wp-json\/wp\/v2\/posts\/15820","targetHints":{"allow":["GET"]}}],"collection":[{"href":"https:\/\/www.imer.mx\/opus\/wp-json\/wp\/v2\/posts"}],"about":[{"href":"https:\/\/www.imer.mx\/opus\/wp-json\/wp\/v2\/types\/post"}],"author":[{"embeddable":true,"href":"https:\/\/www.imer.mx\/opus\/wp-json\/wp\/v2\/users\/6"}],"replies":[{"embeddable":true,"href":"https:\/\/www.imer.mx\/opus\/wp-json\/wp\/v2\/comments?post=15820"}],"version-history":[{"count":0,"href":"https:\/\/www.imer.mx\/opus\/wp-json\/wp\/v2\/posts\/15820\/revisions"}],"wp:featuredmedia":[{"embeddable":true,"href":"https:\/\/www.imer.mx\/opus\/wp-json\/wp\/v2\/media\/15821"}],"wp:attachment":[{"href":"https:\/\/www.imer.mx\/opus\/wp-json\/wp\/v2\/media?parent=15820"}],"wp:term":[{"taxonomy":"category","embeddable":true,"href":"https:\/\/www.imer.mx\/opus\/wp-json\/wp\/v2\/categories?post=15820"},{"taxonomy":"post_tag","embeddable":true,"href":"https:\/\/www.imer.mx\/opus\/wp-json\/wp\/v2\/tags?post=15820"}],"curies":[{"name":"wp","href":"https:\/\/api.w.org\/{rel}","templated":true}]}}