{"id":14528,"date":"2019-03-13T15:09:49","date_gmt":"2019-03-13T21:09:49","guid":{"rendered":"https:\/\/www.imer.mx\/opus\/?p=14528"},"modified":"2019-03-13T15:09:49","modified_gmt":"2019-03-13T21:09:49","slug":"javier-camarena-cierra-con-bis-historico-en-el-met-de-nueva-york","status":"publish","type":"post","link":"https:\/\/www.imer.mx\/opus\/javier-camarena-cierra-con-bis-historico-en-el-met-de-nueva-york\/","title":{"rendered":"Javier Camarena cierra con bis hist\u00f3rico en el Met de Nueva York"},"content":{"rendered":"<div class=\"wpb-content-wrapper\"><p>[vc_row][vc_column][vc_column_text]<\/p>\n<h5>Fuente: <a href=\"http:\/\/www.cronica.com.mx\/notas\/2019\/1111959.html\" target=\"_blank\" rel=\"noopener\">www.cronica.com.mx<\/a><\/h5>\n<p>[\/vc_column_text][vc_empty_space height=&#8221;8px&#8221;][vc_column_text]<\/p>\n<h6>Por: <i>La Cr\u00f3nica de Hoy | REDACCI\u00d3N &#8211; 3 de marzo 2019<\/i><\/h6>\n<h4>El tenor, que interpret\u00f3 el papel de Tonio en <em>La hija del regimiento<\/em>, repiti\u00f3 el aria donde declara su amor a Marie, lo cual le vali\u00f3 un largo y emotivo aplauso. Para lograr el \u00e9xito, &#8220;practiqu\u00e9 y una y otra vez la escena&#8221;, dijo.<\/h4>\n<p>El tenor mexicano Javier Camarena volvi\u00f3 a bisar con el aria \u201cAh! Mes amis&#8230; Pour mon \u00e2me\u201d, en el cierre de la temporada de la \u00f3pera <em>La hija del regimiento<\/em>, de Gaetano Donizetti, en el Metropolitan Opera House de Nueva York.<\/p>\n<p>Un largo y emotivo aplauso dio el p\u00fablico que se encontraba en el recinto estadunidense, y con el cual pidi\u00f3 a Camarena volviera a interpretar el aria que conmovi\u00f3 a los asistentes, quienes le ofrecieron un largo y agradecido aplauso, no s\u00f3lo en Nueva York, sino tambi\u00e9n en el Auditorio Nacional, donde se transmiti\u00f3 la funci\u00f3n en vivo. \u00c9ste fue su s\u00e9ptimo bis consecutivo, algo hist\u00f3rico.<\/p>\n<p>En el intermedio de la \u00f3pera, Sergio Vela, en la transmisi\u00f3n que se hizo por <strong>Opus 94<\/strong>, coment\u00f3 que en este bis, Javier Camarena hizo tres do de pecho m\u00e1s, de los nueve que tiene originalmente esta aria, con lo cual fueron 12 do de pecho.<\/p>\n<p>Un bis que se interpretar\u00eda en las siete funciones de la temporada de la \u00f3pera de Donizetti y que iniciaron el pasado 7 de febrero y concluyeron ayer. En el intermedio de la funci\u00f3n, Javier Camarena dijo que para lograr el \u00e9xito en esta aria, practic\u00f3 y actu\u00f3 una y otra vez la escena, pero sobre todo no dej\u00f3 de ensayar sus papeles con precisi\u00f3n y vehemencia, detalle que aplaudieron tanto los espectadores en vivo en el Met de Nueva York, como los presentes en el Auditorio Nacional de la Ciudad de M\u00e9xico.<\/p>\n<p>Hace 15 a\u00f1os, Javier Camarena debutaba en Bellas Artes con esta \u00f3pera y, la cual por sus nueve do de pecho es ideal para el lucimiento de los grandes cantantes. Desde entonces, el tenor mexicano ha logrado cosechar \u00e9xitos en todos los teatros en los que se ha presentado, adem\u00e1s de mostrar una solidaridad con su pa\u00eds en los momentos tr\u00e1gicos, como en los pasados sismos de 2017.<\/p>\n<p>LA FUNCI\u00d3N<\/p>\n<p>Seg\u00fan relata Notimex, el p\u00fablico neoyorkino se conmovi\u00f3 con la historia de amor imposible entre Tonio y Marie y al llegar al momento del aria \u201cAh! Mes amis&#8230; Pour mon \u00e2me\u201d, donde el protagonista declara su amor a <em>La hija del regimiento<\/em>, el p\u00fablico del recinto neoyorkino, extasiado por la interpretaci\u00f3n, pidi\u00f3 con un largo y emotivo aplauso repetirla, a lo cual Camarena accedi\u00f3 y brind\u00f3 tres do de pecho m\u00e1s.<\/p>\n<p>En M\u00e9xico, relata la agencia, el p\u00fablico reunido en el Auditorio Nacional no perdi\u00f3 detalle de la funci\u00f3n y cuando se dio el bis, tambi\u00e9n ofreci\u00f3 un largo aplauso al tenor mexicano.<\/p>\n<p>\u00c9sta es la tercera producci\u00f3n del Met en la cual Javier Camarena realiza un bis: la primera fue en <em>La Cenicienta<\/em> de Rossini en 2014, durante dos funciones consecutivas; la segunda en 2016, cuando logr\u00f3 tambi\u00e9n dos bises en <em>Don Pasquale<\/em> de Donizetti; y las siete de esta temporada de <em>La hija del regimiento<\/em>, tambi\u00e9n de Donizetti, en la cual interpret\u00f3 el rol de Tonio y fue acompa\u00f1ado por la soprano sudafricana Pretty Yende, en el papel de Marie, con la direcci\u00f3n del concertador italiano Enrique Mazdola.[\/vc_column_text][vc_empty_space height=&#8221;8px&#8221;][vc_column_text]<\/p>\n<h5>Nota Original: <a href=\"http:\/\/www.cronica.com.mx\/notas\/2019\/1111959.html\" target=\"_blank\" rel=\"noopener\">www.cronica.com.mx<\/a><\/h5>\n<p>[\/vc_column_text][\/vc_column][\/vc_row]<\/p>\n<\/div>","protected":false},"excerpt":{"rendered":"<p>[vc_row][vc_column][vc_column_text] Fuente: www.cronica.com.mx [\/vc_column_text][vc_empty_space height=&#8221;8px&#8221;][vc_column_text] Por: La Cr\u00f3nica de Hoy | REDACCI\u00d3N &#8211; 3 de marzo 2019 El tenor, que interpret\u00f3 el papel de Tonio en La hija del regimiento, repiti\u00f3 el aria donde declara su amor a Marie, lo cual le vali\u00f3 un largo y emotivo aplauso. Para lograr el \u00e9xito, &#8220;practiqu\u00e9 y una&hellip;<\/p>\n","protected":false},"author":1,"featured_media":14529,"comment_status":"open","ping_status":"open","sticky":false,"template":"","format":"standard","meta":{"wp_popup_display_lightbox":0,"wp_popup_suppress":"","wp_popup_trigger":"","wp_popup_trigger_amount":0,"wp_popup_disable_on_mobile":false,"footnotes":""},"categories":[37],"tags":[],"class_list":["post-14528","post","type-post","status-publish","format-standard","has-post-thumbnail","hentry","category-articulos-recomendados","category-37","description-off"],"_links":{"self":[{"href":"https:\/\/www.imer.mx\/opus\/wp-json\/wp\/v2\/posts\/14528","targetHints":{"allow":["GET"]}}],"collection":[{"href":"https:\/\/www.imer.mx\/opus\/wp-json\/wp\/v2\/posts"}],"about":[{"href":"https:\/\/www.imer.mx\/opus\/wp-json\/wp\/v2\/types\/post"}],"author":[{"embeddable":true,"href":"https:\/\/www.imer.mx\/opus\/wp-json\/wp\/v2\/users\/1"}],"replies":[{"embeddable":true,"href":"https:\/\/www.imer.mx\/opus\/wp-json\/wp\/v2\/comments?post=14528"}],"version-history":[{"count":0,"href":"https:\/\/www.imer.mx\/opus\/wp-json\/wp\/v2\/posts\/14528\/revisions"}],"wp:featuredmedia":[{"embeddable":true,"href":"https:\/\/www.imer.mx\/opus\/wp-json\/wp\/v2\/media\/14529"}],"wp:attachment":[{"href":"https:\/\/www.imer.mx\/opus\/wp-json\/wp\/v2\/media?parent=14528"}],"wp:term":[{"taxonomy":"category","embeddable":true,"href":"https:\/\/www.imer.mx\/opus\/wp-json\/wp\/v2\/categories?post=14528"},{"taxonomy":"post_tag","embeddable":true,"href":"https:\/\/www.imer.mx\/opus\/wp-json\/wp\/v2\/tags?post=14528"}],"curies":[{"name":"wp","href":"https:\/\/api.w.org\/{rel}","templated":true}]}}